{"id":78,"date":"2009-08-28T17:01:54","date_gmt":"2009-08-28T21:01:54","guid":{"rendered":"http:\/\/www.insightsnaweb.com.br\/~adufpb\/?p=78"},"modified":"2009-09-08T11:27:19","modified_gmt":"2009-09-08T15:27:19","slug":"grito-dos-excluidos-realiza-concentracao-dia-3","status":"publish","type":"post","link":"https:\/\/www.adufpb.org.br\/site\/grito-dos-excluidos-realiza-concentracao-dia-3\/","title":{"rendered":"Grito dos Exclu\u00eddos realiza concentra\u00e7\u00e3o dia 3"},"content":{"rendered":"<p>\u201cVida em primeiro lugar!\u201d. Ser\u00e1 com essa bandeira de luta que o 15\u00ba Grito dos Exclu\u00eddos ir\u00e1 percorrer as ruas das principais cidades do Brasil entre os dias 3 e 7 de setembro. Refor\u00e7ado pelo lema \u201cA for\u00e7a da transforma\u00e7\u00e3o est\u00e1 na organiza\u00e7\u00e3o popular\u201d, o movimento promete congregar multid\u00f5es em torno da proposta de chamar a aten\u00e7\u00e3o para as condi\u00e7\u00f5es de exclus\u00e3o social de toda a sociedade.<\/p>\n<p>Na Para\u00edba, o evento conta com o apoio e a participa\u00e7\u00e3o da ADUFPB e de outras entidades representativas da sociedade civil. A concentra\u00e7\u00e3o ser\u00e1 realizada em um grande ato p\u00fablico no dia 3 de setembro, \u00e0s 13h, em frente ao Cassino da Lagoa (Parque Solon de Lucena), em Jo\u00e3o Pessoa.<\/p>\n<p>O Grito dos Exclu\u00eddos \u00e9 uma manifesta\u00e7\u00e3o popular que re\u00fane grupos, entidades, igrejas e movimentos sociais comprometidos com as causas dos exclu\u00eddos. O evento \u00e9 realizado nacionalmente, h\u00e1 15 anos, sempre no dia 7 de setembro, data da proclama\u00e7\u00e3o da independ\u00eancia do Brasil.<\/p>\n<p>Entre as propostas da manifesta\u00e7\u00e3o est\u00e1 a den\u00fancia do modelo pol\u00edtico e econ\u00f4mico que, ao mesmo tempo, concentra riqueza e renda e condena milh\u00f5es de pessoas \u00e0 exclus\u00e3o social. O Grito tamb\u00e9m torna p\u00fablico, nas ruas e pra\u00e7as, o rosto desfigurado dos grupos exclu\u00eddos, v\u00edtimas do desemprego, da mis\u00e9ria e da fome e prop\u00f5e caminhos alternativos ao modelo econ\u00f4mico neoliberal, de forma a desenvolver uma pol\u00edtica de inclus\u00e3o social, com a participa\u00e7\u00e3o ampla de todos os cidad\u00e3os.<\/p>\n<p>Fonte: ASCOM ADUFPB<\/p>\n","protected":false},"excerpt":{"rendered":"<p>\u201cVida em primeiro lugar!\u201d. Ser\u00e1 com essa bandeira de luta que o 15\u00ba Grito dos Exclu\u00eddos ir\u00e1 percorrer as ruas das principais cidades do Brasil entre os dias 3 e 7 de setembro. Refor\u00e7ado pelo lema \u201cA for\u00e7a da transforma\u00e7\u00e3o est\u00e1 na organiza\u00e7\u00e3o popular\u201d, o movimento promete congregar multid\u00f5es em torno da proposta de chamar&hellip;<\/p>\n","protected":false},"author":1,"featured_media":0,"comment_status":"open","ping_status":"open","sticky":false,"template":"","format":"standard","meta":{"footnotes":""},"categories":[15],"tags":[38,26],"class_list":["post-78","post","type-post","status-publish","format-standard","hentry","category-noticias","tag-grito-dos-exclidos","tag-mobilizacao","category-15","description-off"],"_links":{"self":[{"href":"https:\/\/www.adufpb.org.br\/site\/wp-json\/wp\/v2\/posts\/78","targetHints":{"allow":["GET"]}}],"collection":[{"href":"https:\/\/www.adufpb.org.br\/site\/wp-json\/wp\/v2\/posts"}],"about":[{"href":"https:\/\/www.adufpb.org.br\/site\/wp-json\/wp\/v2\/types\/post"}],"author":[{"embeddable":true,"href":"https:\/\/www.adufpb.org.br\/site\/wp-json\/wp\/v2\/users\/1"}],"replies":[{"embeddable":true,"href":"https:\/\/www.adufpb.org.br\/site\/wp-json\/wp\/v2\/comments?post=78"}],"version-history":[{"count":3,"href":"https:\/\/www.adufpb.org.br\/site\/wp-json\/wp\/v2\/posts\/78\/revisions"}],"predecessor-version":[{"id":273,"href":"https:\/\/www.adufpb.org.br\/site\/wp-json\/wp\/v2\/posts\/78\/revisions\/273"}],"wp:attachment":[{"href":"https:\/\/www.adufpb.org.br\/site\/wp-json\/wp\/v2\/media?parent=78"}],"wp:term":[{"taxonomy":"category","embeddable":true,"href":"https:\/\/www.adufpb.org.br\/site\/wp-json\/wp\/v2\/categories?post=78"},{"taxonomy":"post_tag","embeddable":true,"href":"https:\/\/www.adufpb.org.br\/site\/wp-json\/wp\/v2\/tags?post=78"}],"curies":[{"name":"wp","href":"https:\/\/api.w.org\/{rel}","templated":true}]}}