{"id":674,"date":"2009-11-13T09:19:02","date_gmt":"2009-11-13T13:19:02","guid":{"rendered":"http:\/\/www.adufpb.org.br\/site\/?p=674"},"modified":"2009-11-13T09:19:02","modified_gmt":"2009-11-13T13:19:02","slug":"sociologia-figuracional-sera-tema-de-encontro-na-ufpb","status":"publish","type":"post","link":"https:\/\/www.adufpb.org.br\/site\/sociologia-figuracional-sera-tema-de-encontro-na-ufpb\/","title":{"rendered":"Sociologia Figuracional ser\u00e1 tema de encontro na UFPB"},"content":{"rendered":"<p><img loading=\"lazy\" decoding=\"async\" class=\"alignleft size-medium wp-image-675\" title=\"CARTAZ\" src=\"http:\/\/www.adufpb.org.br\/site\/wp-content\/uploads\/2009\/11\/CARTAZ-209x300.jpg\" alt=\"CARTAZ\" width=\"209\" height=\"300\" srcset=\"https:\/\/www.adufpb.org.br\/site\/wp-content\/uploads\/2009\/11\/CARTAZ-209x300.jpg 209w, https:\/\/www.adufpb.org.br\/site\/wp-content\/uploads\/2009\/11\/CARTAZ-714x1024.jpg 714w, https:\/\/www.adufpb.org.br\/site\/wp-content\/uploads\/2009\/11\/CARTAZ.jpg 1526w\" sizes=\"auto, (max-width: 209px) 100vw, 209px\" \/>O Programa de P\u00f3s-gradua\u00e7\u00e3o em Sociologia promover\u00e1 no dia 16 de novembro, segunda-feira, o Encontro com a Sociologia Figuracional, que ser\u00e1 realizado a partir das 9h no audit\u00f3rio 411 do CCHLA, campus da UFPB Jo\u00e3o Pessoa. O evento ser\u00e1 aberto pela professora e diretora do CCHLA, Aparecida Ramos, e coordenado pelo professor Ricardo Lucena.<\/p>\n<p>O Encontro com a Sociologia Figuracional ser\u00e1 divido em dois momentos: pela manh\u00e3, \u00e0s 09h30, haver\u00e1 a palestra \u201cCiviliza\u00e7\u00e3o e Contemporaneidade\u201d, com o professor doutor Nicolaas Arie Wilterdink, da Universidade de Amsterd\u00e3, e, \u00e0 tarde,\u00a0 \u00e0s 14 horas, a mesa-redonda intitulada \u201cCiviliza\u00e7\u00e3o e Conhecimento\u201d, com participa\u00e7\u00e3o dos professores doutores Ademir Gebara, da Unicamp; Adriano de Leon, do CCHLA\/UFPB e Maria do Socorro de Sousa Vieira, do departamento de Servi\u00e7o Social do CCHLA\/UFPB.<\/p>\n<p>O Encontro \u00e9 aberto para toda a comunidade acad\u00eamica da UFPB e as inscri\u00e7\u00f5es est\u00e3o abertas no Programa de P\u00f3s-gradua\u00e7\u00e3o em Sociologia, no CCHLA.<\/p>\n<p><strong>Veja a programa\u00e7\u00e3o completa:<\/strong><\/p>\n<p>9:00 horas- Abertura<\/p>\n<p>Aparecida Ramos &#8211; Diretora do CCHLA<\/p>\n<p>Ricardo Lucena &#8211; Coordena\u00e7\u00e3o<\/p>\n<p>9:30 horas &#8211; Palestra<\/p>\n<p>CIVILIZA\u00c7\u00c3O E CONTEMPOR\u00c2NEIDADE<\/p>\n<p>Palestrante:<\/p>\n<p>Prof. Dr. Nicolaas Arie Wilterdink University of Amsterdan)<\/p>\n<p>Debatedora:<\/p>\n<p>Profa. Dra. Simone Brito \u2013 Sociologia &#8211; CCHLA\/UFPB<\/p>\n<p>14:00 horas &#8211; Mesa-redonda<\/p>\n<p>CIVILIZA\u00c7\u00c3O E CONHECIMENTO<\/p>\n<p>Prof. Dr. Ademir Gebara &#8211; Unicamp<\/p>\n<p>Prof. Dr. Adriano De Leon &#8211; Sociologia &#8211; CCHLA\/UFPB<\/p>\n<p>Profa. Dr. Maria do Socorro de Sousa Vieira &#8211; Servi\u00e7o Social \u2013 CCHLA\/UFPB<\/p>\n<p>16:00 horas &#8211; Encerramento<\/p>\n","protected":false},"excerpt":{"rendered":"<p>O Programa de P\u00f3s-gradua\u00e7\u00e3o em Sociologia promover\u00e1 no dia 16 de novembro, segunda-feira, o Encontro com a Sociologia Figuracional, que ser\u00e1 realizado a partir das 9h no audit\u00f3rio 411 do CCHLA, campus da UFPB Jo\u00e3o Pessoa. O evento ser\u00e1 aberto pela professora e diretora do CCHLA, Aparecida Ramos, e coordenado pelo professor Ricardo Lucena. O&hellip;<\/p>\n","protected":false},"author":3,"featured_media":0,"comment_status":"open","ping_status":"open","sticky":false,"template":"","format":"standard","meta":{"footnotes":""},"categories":[15],"tags":[87,86,57,85],"class_list":["post-674","post","type-post","status-publish","format-standard","hentry","category-noticias","tag-cchla","tag-encontro","tag-eventos","tag-sociologia","category-15","description-off"],"_links":{"self":[{"href":"https:\/\/www.adufpb.org.br\/site\/wp-json\/wp\/v2\/posts\/674","targetHints":{"allow":["GET"]}}],"collection":[{"href":"https:\/\/www.adufpb.org.br\/site\/wp-json\/wp\/v2\/posts"}],"about":[{"href":"https:\/\/www.adufpb.org.br\/site\/wp-json\/wp\/v2\/types\/post"}],"author":[{"embeddable":true,"href":"https:\/\/www.adufpb.org.br\/site\/wp-json\/wp\/v2\/users\/3"}],"replies":[{"embeddable":true,"href":"https:\/\/www.adufpb.org.br\/site\/wp-json\/wp\/v2\/comments?post=674"}],"version-history":[{"count":2,"href":"https:\/\/www.adufpb.org.br\/site\/wp-json\/wp\/v2\/posts\/674\/revisions"}],"predecessor-version":[{"id":677,"href":"https:\/\/www.adufpb.org.br\/site\/wp-json\/wp\/v2\/posts\/674\/revisions\/677"}],"wp:attachment":[{"href":"https:\/\/www.adufpb.org.br\/site\/wp-json\/wp\/v2\/media?parent=674"}],"wp:term":[{"taxonomy":"category","embeddable":true,"href":"https:\/\/www.adufpb.org.br\/site\/wp-json\/wp\/v2\/categories?post=674"},{"taxonomy":"post_tag","embeddable":true,"href":"https:\/\/www.adufpb.org.br\/site\/wp-json\/wp\/v2\/tags?post=674"}],"curies":[{"name":"wp","href":"https:\/\/api.w.org\/{rel}","templated":true}]}}