{"id":666,"date":"2009-11-11T11:05:57","date_gmt":"2009-11-11T15:05:57","guid":{"rendered":"http:\/\/www.adufpb.org.br\/site\/?p=666"},"modified":"2009-11-11T11:47:19","modified_gmt":"2009-11-11T15:47:19","slug":"ibaney-chasin-lanca-%e2%80%9cmusica-serva-dalma%e2%80%9d","status":"publish","type":"post","link":"https:\/\/www.adufpb.org.br\/site\/ibaney-chasin-lanca-%e2%80%9cmusica-serva-dalma%e2%80%9d\/","title":{"rendered":"Ibaney Chasin lan\u00e7a \u201cM\u00fasica Serva d&#8217;Alma\u201d"},"content":{"rendered":"<p><img loading=\"lazy\" decoding=\"async\" class=\"alignleft size-full wp-image-667\" title=\"Lancamento Ibaney\" src=\"http:\/\/www.adufpb.org.br\/site\/wp-content\/uploads\/2009\/11\/Lancamento-Ibaney.bmp\" alt=\"Lancamento Ibaney\" width=\"155\" height=\"146\" \/>O professor Ibaney Chasin, do Departamento de M\u00fasica da UFPB, lan\u00e7a seu mais novo livro no dia 19 de novembro. \u201cM\u00fasica Serva d&#8217;Alma. Claudio Monteverdi, Ad Voce Umanissima\u201d \u00e9 o nome da obra, que ser\u00e1 lan\u00e7ada na Usina Cultural Energisa, localizada na rua Juarez T\u00e1vora, 243, bairro da Torre. O evento est\u00e1 previsto para ter in\u00edcio \u00e0s 19h e contar\u00e1 com um momento de debate com o autor, Ibaney Chasin, e com o reitor da UFPB, R\u00f4mulo Polari.<\/p>\n<p><strong><span style=\"text-decoration: underline;\">SERVI\u00c7O<\/span><\/strong><\/p>\n<p><strong>Evento:<\/strong> lan\u00e7amento do livro \u201cM\u00fasica Serva d&#8217;Alma. Claudio Monteverdi, Ad Voce Umanissima\u201d, do professor Ibaney Chasin<\/p>\n<p><strong>Quando:<\/strong> 19 de novembro, \u00e0s 19h<\/p>\n<p><strong>Onde:<\/strong> Usina Cultural Energisa, na Rua Juarez T\u00e1vora, 243, Torre<\/p>\n","protected":false},"excerpt":{"rendered":"<p>O professor Ibaney Chasin, do Departamento de M\u00fasica da UFPB, lan\u00e7a seu mais novo livro no dia 19 de novembro. \u201cM\u00fasica Serva d&#8217;Alma. Claudio Monteverdi, Ad Voce Umanissima\u201d \u00e9 o nome da obra, que ser\u00e1 lan\u00e7ada na Usina Cultural Energisa, localizada na rua Juarez T\u00e1vora, 243, bairro da Torre. O evento est\u00e1 previsto para ter&hellip;<\/p>\n","protected":false},"author":3,"featured_media":0,"comment_status":"open","ping_status":"open","sticky":false,"template":"","format":"standard","meta":{"footnotes":""},"categories":[15],"tags":[60,58],"class_list":["post-666","post","type-post","status-publish","format-standard","hentry","category-noticias","tag-lancamentos","tag-livros","category-15","description-off"],"_links":{"self":[{"href":"https:\/\/www.adufpb.org.br\/site\/wp-json\/wp\/v2\/posts\/666","targetHints":{"allow":["GET"]}}],"collection":[{"href":"https:\/\/www.adufpb.org.br\/site\/wp-json\/wp\/v2\/posts"}],"about":[{"href":"https:\/\/www.adufpb.org.br\/site\/wp-json\/wp\/v2\/types\/post"}],"author":[{"embeddable":true,"href":"https:\/\/www.adufpb.org.br\/site\/wp-json\/wp\/v2\/users\/3"}],"replies":[{"embeddable":true,"href":"https:\/\/www.adufpb.org.br\/site\/wp-json\/wp\/v2\/comments?post=666"}],"version-history":[{"count":3,"href":"https:\/\/www.adufpb.org.br\/site\/wp-json\/wp\/v2\/posts\/666\/revisions"}],"predecessor-version":[{"id":669,"href":"https:\/\/www.adufpb.org.br\/site\/wp-json\/wp\/v2\/posts\/666\/revisions\/669"}],"wp:attachment":[{"href":"https:\/\/www.adufpb.org.br\/site\/wp-json\/wp\/v2\/media?parent=666"}],"wp:term":[{"taxonomy":"category","embeddable":true,"href":"https:\/\/www.adufpb.org.br\/site\/wp-json\/wp\/v2\/categories?post=666"},{"taxonomy":"post_tag","embeddable":true,"href":"https:\/\/www.adufpb.org.br\/site\/wp-json\/wp\/v2\/tags?post=666"}],"curies":[{"name":"wp","href":"https:\/\/api.w.org\/{rel}","templated":true}]}}