{"id":657,"date":"2009-11-04T10:02:24","date_gmt":"2009-11-04T14:02:24","guid":{"rendered":"http:\/\/www.adufpb.org.br\/site\/?p=657"},"modified":"2009-11-04T10:02:24","modified_gmt":"2009-11-04T14:02:24","slug":"congresso-internacional-de-contabilidade-sera-dias-19-e-20","status":"publish","type":"post","link":"https:\/\/www.adufpb.org.br\/site\/congresso-internacional-de-contabilidade-sera-dias-19-e-20\/","title":{"rendered":"Congresso internacional de contabilidade ser\u00e1 dias 19 e 20"},"content":{"rendered":"<p>Ser\u00e1 realizado nos dias 19 e 20 de novembro, em Uberl\u00e2ndia (MG), o X Congresso Internacional de Contabilidade do Mundo Latino (Prolatino). O evento conta com o patroc\u00ednio do Conselho Federal de Contabilidade (CFC), do Conselho Regional de Contabilidade de Minas Gerais (CRCMG) e da Funda\u00e7\u00e3o Brasileira de Contabilidade (FBC).<\/p>\n<p>O evento tem como miss\u00e3o promover a atualiza\u00e7\u00e3o constante e \u00e1gil de conhecimentos, assim como a prepara\u00e7\u00e3o de profissionais de alta qualidade, em fun\u00e7\u00e3o do ritmo acelerado e da transforma\u00e7\u00e3o da cultura cont\u00e1bil sob os impactos da inform\u00e1tica, da telem\u00e1tica, da cibern\u00e9tica, da globaliza\u00e7\u00e3o dos mercados e da concentra\u00e7\u00e3o de capitais.<\/p>\n<p>Entre os objetivos do X Prolatino est\u00e3o a avalia\u00e7\u00e3o do progresso cient\u00edfico-cont\u00e1bil no mundo latino; a harmoniza\u00e7\u00e3o da linha cultural latina com o mundo acad\u00eamico internacional e a prote\u00e7\u00e3o da cultura latina, que \u00e9 uma das origens da Ci\u00eancia da Contabilidade.<\/p>\n<p>As inscri\u00e7\u00f5es custam R$ 200 para profissionais e R$ 100 para estudantes. Para conhecer detalhes da programa\u00e7\u00e3o basta acessar o site http:\/\/www.prolatino.com.br. Outras informa\u00e7\u00f5es, ainda, pelos telefones (61) 3314-9623 e 3314-9501.<\/p>\n","protected":false},"excerpt":{"rendered":"<p>Ser\u00e1 realizado nos dias 19 e 20 de novembro, em Uberl\u00e2ndia (MG), o X Congresso Internacional de Contabilidade do Mundo Latino (Prolatino). O evento conta com o patroc\u00ednio do Conselho Federal de Contabilidade (CFC), do Conselho Regional de Contabilidade de Minas Gerais (CRCMG) e da Funda\u00e7\u00e3o Brasileira de Contabilidade (FBC). O evento tem como miss\u00e3o&hellip;<\/p>\n","protected":false},"author":3,"featured_media":0,"comment_status":"open","ping_status":"open","sticky":false,"template":"","format":"standard","meta":{"footnotes":""},"categories":[15],"tags":[],"class_list":["post-657","post","type-post","status-publish","format-standard","hentry","category-noticias","category-15","description-off"],"_links":{"self":[{"href":"https:\/\/www.adufpb.org.br\/site\/wp-json\/wp\/v2\/posts\/657","targetHints":{"allow":["GET"]}}],"collection":[{"href":"https:\/\/www.adufpb.org.br\/site\/wp-json\/wp\/v2\/posts"}],"about":[{"href":"https:\/\/www.adufpb.org.br\/site\/wp-json\/wp\/v2\/types\/post"}],"author":[{"embeddable":true,"href":"https:\/\/www.adufpb.org.br\/site\/wp-json\/wp\/v2\/users\/3"}],"replies":[{"embeddable":true,"href":"https:\/\/www.adufpb.org.br\/site\/wp-json\/wp\/v2\/comments?post=657"}],"version-history":[{"count":2,"href":"https:\/\/www.adufpb.org.br\/site\/wp-json\/wp\/v2\/posts\/657\/revisions"}],"predecessor-version":[{"id":659,"href":"https:\/\/www.adufpb.org.br\/site\/wp-json\/wp\/v2\/posts\/657\/revisions\/659"}],"wp:attachment":[{"href":"https:\/\/www.adufpb.org.br\/site\/wp-json\/wp\/v2\/media?parent=657"}],"wp:term":[{"taxonomy":"category","embeddable":true,"href":"https:\/\/www.adufpb.org.br\/site\/wp-json\/wp\/v2\/categories?post=657"},{"taxonomy":"post_tag","embeddable":true,"href":"https:\/\/www.adufpb.org.br\/site\/wp-json\/wp\/v2\/tags?post=657"}],"curies":[{"name":"wp","href":"https:\/\/api.w.org\/{rel}","templated":true}]}}