{"id":651,"date":"2009-11-04T09:10:00","date_gmt":"2009-11-04T13:10:00","guid":{"rendered":"http:\/\/www.adufpb.org.br\/site\/?p=651"},"modified":"2009-11-04T09:19:55","modified_gmt":"2009-11-04T13:19:55","slug":"grupo-musical-frances-dara-aula-espetaculo-na-ufpb","status":"publish","type":"post","link":"https:\/\/www.adufpb.org.br\/site\/grupo-musical-frances-dara-aula-espetaculo-na-ufpb\/","title":{"rendered":"Grupo musical franc\u00eas se apresenta na Igreja de S\u00e3o Francisco"},"content":{"rendered":"<p><img loading=\"lazy\" decoding=\"async\" class=\"alignleft size-full wp-image-652\" title=\"talvera\" src=\"http:\/\/www.adufpb.org.br\/site\/wp-content\/uploads\/2009\/11\/talvera.jpg\" alt=\"talvera\" width=\"361\" height=\"186\" srcset=\"https:\/\/www.adufpb.org.br\/site\/wp-content\/uploads\/2009\/11\/talvera.jpg 516w, https:\/\/www.adufpb.org.br\/site\/wp-content\/uploads\/2009\/11\/talvera-300x154.jpg 300w\" sizes=\"auto, (max-width: 361px) 100vw, 361px\" \/>O grupo franc\u00eas La Talvera encerra nesta quarta-feira (4) o programa de apresenta\u00e7\u00f5es em  Jo\u00e3o Pessoa. A partir das 20h, ser\u00e1 realizado, na Igreja de S\u00e3o Francisco, no Centro Hist\u00f3rico da Capital, o concerto \u201cLa Talvera \u2013 m\u00fasica instrumental e vocal de Occit\u00e2nia\u201d (repert\u00f3rio constitu\u00eddo de m\u00fasicas tradicionais da occit\u00e2nika e algumas composi\u00e7\u00f5es do grupo).<\/p>\n<p>Esta ser\u00e1 a segunda apresenta\u00e7\u00e3o que o grupo franc\u00eas far\u00e1 em Jo\u00e3o Pessoa. Na ter\u00e7a-feira (3), ele realizou uma aula-espet\u00e1culo sobre \u201cm\u00fasica tradicional da occit\u00e2nia e suas rela\u00e7\u00f5es com a m\u00fasica tradicional brasileira\u201d, no audit\u00f3rio da reitoria.<\/p>\n<p>O Grupo La  Talvera dedica-se desde os anos 1980 \u00e0 pesquisa e divulga\u00e7\u00e3o do repert\u00f3rio da m\u00fasica da Occit\u00e2nia, regi\u00e3o cultural e lingu\u00edstica do Sul da Fran\u00e7a. O Occitan (com seus diversos dialeletos locais) foi a l\u00edngua predominante na parte Sul da Fran\u00e7a at\u00e9 o final do s\u00e9culo XVIII.<\/p>\n<p>Um dos dialetos do Occitan, o proven\u00e7al, foi a l\u00edngua na qual, durante a Alta Idade M\u00e9dia, se expressaram os famosos &#8220;trovadores&#8221;, que foram poetas e m\u00fasicos de grande relevo na hist\u00f3ria da poesia e da m\u00fasica Ocidental.<\/p>\n<p>O repert\u00f3rio de can\u00e7\u00f5es e m\u00fasica instrumental occitano continua em plena vitalidade, e La  Talvera \u00e9 um dos principais grupos atuais que a ele se dedica.<\/p>\n<p>Nos anos 1990 o grupo expandiu suas atividades para outras \u00e1reas culturais, incluindo Portugal e o Brasil. Isto incluiu a realiza\u00e7\u00e3o de pesquisas e a produ\u00e7\u00e3o de um CD dedicado \u00e0 tradi\u00e7\u00e3o do repente nordestino.<\/p>\n<p>La Talvera apresentar\u00e1 em Jo\u00e3o Pessoa a riqueza da m\u00fasica occitana e suas pesquisas atuais, com destaque para as rela\u00e7\u00f5es entre a cultura occitana e a brasileira.<\/p>\n","protected":false},"excerpt":{"rendered":"<p>O grupo franc\u00eas La Talvera encerra nesta quarta-feira (4) o programa de apresenta\u00e7\u00f5es em Jo\u00e3o Pessoa. A partir das 20h, ser\u00e1 realizado, na Igreja de S\u00e3o Francisco, no Centro Hist\u00f3rico da Capital, o concerto \u201cLa Talvera \u2013 m\u00fasica instrumental e vocal de Occit\u00e2nia\u201d (repert\u00f3rio constitu\u00eddo de m\u00fasicas tradicionais da occit\u00e2nika e algumas composi\u00e7\u00f5es do grupo).&hellip;<\/p>\n","protected":false},"author":3,"featured_media":0,"comment_status":"open","ping_status":"open","sticky":false,"template":"","format":"standard","meta":{"footnotes":""},"categories":[15],"tags":[81],"class_list":["post-651","post","type-post","status-publish","format-standard","hentry","category-noticias","tag-musica","category-15","description-off"],"_links":{"self":[{"href":"https:\/\/www.adufpb.org.br\/site\/wp-json\/wp\/v2\/posts\/651","targetHints":{"allow":["GET"]}}],"collection":[{"href":"https:\/\/www.adufpb.org.br\/site\/wp-json\/wp\/v2\/posts"}],"about":[{"href":"https:\/\/www.adufpb.org.br\/site\/wp-json\/wp\/v2\/types\/post"}],"author":[{"embeddable":true,"href":"https:\/\/www.adufpb.org.br\/site\/wp-json\/wp\/v2\/users\/3"}],"replies":[{"embeddable":true,"href":"https:\/\/www.adufpb.org.br\/site\/wp-json\/wp\/v2\/comments?post=651"}],"version-history":[{"count":4,"href":"https:\/\/www.adufpb.org.br\/site\/wp-json\/wp\/v2\/posts\/651\/revisions"}],"predecessor-version":[{"id":654,"href":"https:\/\/www.adufpb.org.br\/site\/wp-json\/wp\/v2\/posts\/651\/revisions\/654"}],"wp:attachment":[{"href":"https:\/\/www.adufpb.org.br\/site\/wp-json\/wp\/v2\/media?parent=651"}],"wp:term":[{"taxonomy":"category","embeddable":true,"href":"https:\/\/www.adufpb.org.br\/site\/wp-json\/wp\/v2\/categories?post=651"},{"taxonomy":"post_tag","embeddable":true,"href":"https:\/\/www.adufpb.org.br\/site\/wp-json\/wp\/v2\/tags?post=651"}],"curies":[{"name":"wp","href":"https:\/\/api.w.org\/{rel}","templated":true}]}}