{"id":6268,"date":"2014-01-28T15:29:15","date_gmt":"2014-01-28T19:29:15","guid":{"rendered":"http:\/\/www.adufpb.org.br\/site\/?p=6268"},"modified":"2014-01-28T15:29:15","modified_gmt":"2014-01-28T19:29:15","slug":"mst-na-paraiba-faz-campanha-para-custear-viagem-a-congresso","status":"publish","type":"post","link":"https:\/\/www.adufpb.org.br\/site\/mst-na-paraiba-faz-campanha-para-custear-viagem-a-congresso\/","title":{"rendered":"MST na Para\u00edba faz campanha para custear viagem a congresso"},"content":{"rendered":"<p><a href=\"http:\/\/www.adufpb.org.br\/site\/wp-content\/uploads\/2014\/01\/6congresso_banner.png\"><img loading=\"lazy\" decoding=\"async\" class=\"alignleft size-full wp-image-6269\" title=\"6congresso_banner\" src=\"http:\/\/www.adufpb.org.br\/site\/wp-content\/uploads\/2014\/01\/6congresso_banner.png\" alt=\"\" width=\"260\" height=\"264\" \/><\/a>O VI Congresso Nacional do Movimento dos Trabalhadores Rurais Sem Terra ser\u00e1 realizado entre os dias 10 e 14 de fevereiro de 2014, em Bras\u00edlia. A expectativa \u00e9 reunir 15 mil delegados e delegadas de todos os estados representando as mais de 350 mil fam\u00edlias assentadas e as 90 mil fam\u00edlias acampadas do pa\u00eds.<\/p>\n<p>Da Para\u00edba sair\u00e1 uma caravana de nove \u00f4nibus com 405 camponeses e camponesas para participar dos debates sobre a atual situa\u00e7\u00e3o da Reforma Agr\u00e1ria no Brasil e os desafios deste momento hist\u00f3rico para o conjunto da classe trabalhadora.<\/p>\n<p>Para custear a viagem, o MST na Para\u00edba est\u00e1 realizando uma campanha. O objetivo \u00e9 arrecadar R$ 165 mil que ser\u00e3o usados para bancar as despesas de aluguel de \u00f4nibus, combust\u00edvel, alimenta\u00e7\u00e3o, \u00e1gua, camisas e bon\u00e9s.<\/p>\n<p>Quem tiver interesse em contribuir pode fazer a doa\u00e7\u00e3o por meio de dep\u00f3sito banc\u00e1rio no Banco do Brasil, na conta corrente 12.581-4, ag\u00eancia 2520-8 (no nome de Jo\u00e3o Batista Hil\u00e1rio). Em seguida, confirmar o dep\u00f3sito pelo e-mail mstparaiba@yahoo.com.br.<\/p>\n<p>Mais informa\u00e7\u00f5es: Adriana (9850-2322), Augusto (9811-0238) e Juliane (9850-0200).<\/p>\n","protected":false},"excerpt":{"rendered":"<p>O VI Congresso Nacional do Movimento dos Trabalhadores Rurais Sem Terra ser\u00e1 realizado entre os dias 10 e 14 de fevereiro de 2014, em Bras\u00edlia. A expectativa \u00e9 reunir 15 mil delegados e delegadas de todos os estados representando as mais de 350 mil fam\u00edlias assentadas e as 90 mil fam\u00edlias acampadas do pa\u00eds. Da&hellip;<\/p>\n","protected":false},"author":3,"featured_media":0,"comment_status":"open","ping_status":"open","sticky":false,"template":"","format":"standard","meta":{"footnotes":""},"categories":[15],"tags":[],"class_list":["post-6268","post","type-post","status-publish","format-standard","hentry","category-noticias","category-15","description-off"],"_links":{"self":[{"href":"https:\/\/www.adufpb.org.br\/site\/wp-json\/wp\/v2\/posts\/6268","targetHints":{"allow":["GET"]}}],"collection":[{"href":"https:\/\/www.adufpb.org.br\/site\/wp-json\/wp\/v2\/posts"}],"about":[{"href":"https:\/\/www.adufpb.org.br\/site\/wp-json\/wp\/v2\/types\/post"}],"author":[{"embeddable":true,"href":"https:\/\/www.adufpb.org.br\/site\/wp-json\/wp\/v2\/users\/3"}],"replies":[{"embeddable":true,"href":"https:\/\/www.adufpb.org.br\/site\/wp-json\/wp\/v2\/comments?post=6268"}],"version-history":[{"count":1,"href":"https:\/\/www.adufpb.org.br\/site\/wp-json\/wp\/v2\/posts\/6268\/revisions"}],"predecessor-version":[{"id":6270,"href":"https:\/\/www.adufpb.org.br\/site\/wp-json\/wp\/v2\/posts\/6268\/revisions\/6270"}],"wp:attachment":[{"href":"https:\/\/www.adufpb.org.br\/site\/wp-json\/wp\/v2\/media?parent=6268"}],"wp:term":[{"taxonomy":"category","embeddable":true,"href":"https:\/\/www.adufpb.org.br\/site\/wp-json\/wp\/v2\/categories?post=6268"},{"taxonomy":"post_tag","embeddable":true,"href":"https:\/\/www.adufpb.org.br\/site\/wp-json\/wp\/v2\/tags?post=6268"}],"curies":[{"name":"wp","href":"https:\/\/api.w.org\/{rel}","templated":true}]}}