{"id":6230,"date":"2014-01-10T10:29:05","date_gmt":"2014-01-10T14:29:05","guid":{"rendered":"http:\/\/www.adufpb.org.br\/site\/?p=6230"},"modified":"2014-01-10T10:42:23","modified_gmt":"2014-01-10T14:42:23","slug":"hatha-yoga-reinicia-na-sede-social","status":"publish","type":"post","link":"https:\/\/www.adufpb.org.br\/site\/hatha-yoga-reinicia-na-sede-social\/","title":{"rendered":"Sede social reinicia pr\u00e1ticas de Hatha Yoga"},"content":{"rendered":"<div><em>Pr\u00e1tica de autoconhecimento retorna com foco na medita\u00e7\u00e3o<\/em><\/div>\n<div><\/div>\n<div><a href=\"http:\/\/www.adufpb.org.br\/site\/wp-content\/uploads\/2014\/01\/yoga.jpg\"><img loading=\"lazy\" decoding=\"async\" class=\"alignleft size-medium wp-image-6231\" title=\"yoga\" src=\"http:\/\/www.adufpb.org.br\/site\/wp-content\/uploads\/2014\/01\/yoga-300x198.jpg\" alt=\"\" width=\"300\" height=\"198\" srcset=\"https:\/\/www.adufpb.org.br\/site\/wp-content\/uploads\/2014\/01\/yoga-300x198.jpg 300w, https:\/\/www.adufpb.org.br\/site\/wp-content\/uploads\/2014\/01\/yoga-1024x678.jpg 1024w, https:\/\/www.adufpb.org.br\/site\/wp-content\/uploads\/2014\/01\/yoga.jpg 1500w\" sizes=\"auto, (max-width: 300px) 100vw, 300px\" \/><\/a>As pr\u00e1ticas de Hatha Yoga retornam na pr\u00f3xima segunda-feira (13\/02), \u00e0s 19h, na sede social da ADUFPB. Depois de um curto recesso, as aulas reiniciam trazendo esse sistema milenar indiano de exerc\u00edcios para cuidar do f\u00edsico, mental, energ\u00e9tico, emocional e espiritual dos(as) participantes.Para este ano, a instrutora Prema Renata Bastos ressalta que trar\u00e1 mais viv\u00eancias meditativas, &#8220;uma forma de estar em contato com nossa ess\u00eancia, al\u00e9m de promover sa\u00fade integral, melhorando a concentra\u00e7\u00e3o, mem\u00f3ria e tratando ansiedades, insonias, enxaquecas e outras doen\u00e7as&#8221;.<\/p>\n<p>Qualquer adulto pode ser praticante de Hatha Yoga, sejam associados, dependentes e tamb\u00e9m popula\u00e7\u00e3o em geral. A instrutora trabalhar\u00e1 com as particularidades de cada um dentro do grupo, assim a pessoa respeita seu tempo de autoconhecimento.<\/p>\n<p>As pr\u00e1ticas acontecem \u00e0s 19h, toda segunda e quarta, na sede social. A aula experimental \u00e9 gratuita, o(a) participante pode ligar para 8748-7993 e marcar a viv\u00eancia com a instrutora Prema.<\/p>\n<\/div>\n<div><\/div>\n<div><\/div>\n<div><strong>O que: <\/strong>Rein\u00edcio das pr\u00e1ticas<\/div>\n<div><strong>Quando: <\/strong>13 de janeiro, segunda-feira, 19h<\/div>\n<div><strong>Onde: <\/strong>Sede Social da ADUFPB<\/div>\n<div><strong>Custo: <\/strong>R$60 professores associados e dependentes\/ R$100 popula\u00e7\u00e3o em geral<\/div>\n","protected":false},"excerpt":{"rendered":"<p>Pr\u00e1tica de autoconhecimento retorna com foco na medita\u00e7\u00e3o As pr\u00e1ticas de Hatha Yoga retornam na pr\u00f3xima segunda-feira (13\/02), \u00e0s 19h, na sede social da ADUFPB. Depois de um curto recesso, as aulas reiniciam trazendo esse sistema milenar indiano de exerc\u00edcios para cuidar do f\u00edsico, mental, energ\u00e9tico, emocional e espiritual dos(as) participantes.Para este ano, a instrutora&hellip;<\/p>\n","protected":false},"author":3,"featured_media":0,"comment_status":"open","ping_status":"open","sticky":false,"template":"","format":"standard","meta":{"footnotes":""},"categories":[15],"tags":[114,414],"class_list":["post-6230","post","type-post","status-publish","format-standard","hentry","category-noticias","tag-sede-sociocultural","tag-yoga","category-15","description-off"],"_links":{"self":[{"href":"https:\/\/www.adufpb.org.br\/site\/wp-json\/wp\/v2\/posts\/6230","targetHints":{"allow":["GET"]}}],"collection":[{"href":"https:\/\/www.adufpb.org.br\/site\/wp-json\/wp\/v2\/posts"}],"about":[{"href":"https:\/\/www.adufpb.org.br\/site\/wp-json\/wp\/v2\/types\/post"}],"author":[{"embeddable":true,"href":"https:\/\/www.adufpb.org.br\/site\/wp-json\/wp\/v2\/users\/3"}],"replies":[{"embeddable":true,"href":"https:\/\/www.adufpb.org.br\/site\/wp-json\/wp\/v2\/comments?post=6230"}],"version-history":[{"count":3,"href":"https:\/\/www.adufpb.org.br\/site\/wp-json\/wp\/v2\/posts\/6230\/revisions"}],"predecessor-version":[{"id":6234,"href":"https:\/\/www.adufpb.org.br\/site\/wp-json\/wp\/v2\/posts\/6230\/revisions\/6234"}],"wp:attachment":[{"href":"https:\/\/www.adufpb.org.br\/site\/wp-json\/wp\/v2\/media?parent=6230"}],"wp:term":[{"taxonomy":"category","embeddable":true,"href":"https:\/\/www.adufpb.org.br\/site\/wp-json\/wp\/v2\/categories?post=6230"},{"taxonomy":"post_tag","embeddable":true,"href":"https:\/\/www.adufpb.org.br\/site\/wp-json\/wp\/v2\/tags?post=6230"}],"curies":[{"name":"wp","href":"https:\/\/api.w.org\/{rel}","templated":true}]}}