{"id":6217,"date":"2013-12-18T11:04:22","date_gmt":"2013-12-18T15:04:22","guid":{"rendered":"http:\/\/www.adufpb.org.br\/site\/?p=6217"},"modified":"2013-12-18T11:25:15","modified_gmt":"2013-12-18T15:25:15","slug":"comunicado","status":"publish","type":"post","link":"https:\/\/www.adufpb.org.br\/site\/comunicado\/","title":{"rendered":"COMUNICADO"},"content":{"rendered":"<p style=\"text-align: center;\" align=\"center\"><a href=\"http:\/\/www.adufpb.org.br\/site\/wp-content\/uploads\/2013\/12\/feliz-natal.gif\"><img loading=\"lazy\" decoding=\"async\" class=\"aligncenter size-medium wp-image-6218\" title=\"feliz natal\" src=\"http:\/\/www.adufpb.org.br\/site\/wp-content\/uploads\/2013\/12\/feliz-natal-300x196.gif\" alt=\"\" width=\"300\" height=\"196\" srcset=\"https:\/\/www.adufpb.org.br\/site\/wp-content\/uploads\/2013\/12\/feliz-natal-300x196.gif 300w, https:\/\/www.adufpb.org.br\/site\/wp-content\/uploads\/2013\/12\/feliz-natal.gif 367w\" sizes=\"auto, (max-width: 300px) 100vw, 300px\" \/><\/a><\/p>\n<p style=\"text-align: left;\" align=\"center\">Em fun\u00e7\u00e3o das festividades de final de ano, a Diretoria Executiva comunica que a sede da ADUFPB, no Centro de Viv\u00eancia do campus I da UFPB, estar\u00e1 em recesso a partir do dia 23 de dezembro (segunda-feira) e voltar\u00e1 \u00e0s atividades normais no dia 6 de janeiro de 2014. Nos dias 19 e 20 de dezembro (quinta e sexta-feira), o hor\u00e1rio de funcionamento ser\u00e1 reduzido.<\/p>\n<p style=\"text-align: left;\" align=\"center\"><strong>19 de dezembro\/2013 \u2013 funcionamento at\u00e9 as 12h<\/strong><\/p>\n<p><strong><span>20 de dezembro\/2013<\/span><\/strong><span>\u00a0\u2013<\/span><strong><span>\u00a0funcionamento at\u00e9 as 12h<\/span><\/strong><\/p>\n<p><strong>23\/12\/13\u00a0\u2013\u00a0in\u00edcio\u00a0do recesso<\/strong><\/p>\n<p><strong><span style=\"color: #ff0000;\"><span>6 de janeiro<\/span><\/span><\/strong><span><strong>\u00a0<\/strong><\/span><span>\u2013\u00a0<strong><span style=\"color: #ff0000;\">in\u00edcio<\/span><\/strong><\/span><strong><span style=\"color: #ff0000;\">\u00a0das atividades em 2014<\/span><\/strong><\/p>\n","protected":false},"excerpt":{"rendered":"<p>Em fun\u00e7\u00e3o das festividades de final de ano, a Diretoria Executiva comunica que a sede da ADUFPB, no Centro de Viv\u00eancia do campus I da UFPB, estar\u00e1 em recesso a partir do dia 23 de dezembro (segunda-feira) e voltar\u00e1 \u00e0s atividades normais no dia 6 de janeiro de 2014. Nos dias 19 e 20 de&hellip;<\/p>\n","protected":false},"author":3,"featured_media":0,"comment_status":"open","ping_status":"open","sticky":false,"template":"","format":"standard","meta":{"footnotes":""},"categories":[15],"tags":[],"class_list":["post-6217","post","type-post","status-publish","format-standard","hentry","category-noticias","category-15","description-off"],"_links":{"self":[{"href":"https:\/\/www.adufpb.org.br\/site\/wp-json\/wp\/v2\/posts\/6217","targetHints":{"allow":["GET"]}}],"collection":[{"href":"https:\/\/www.adufpb.org.br\/site\/wp-json\/wp\/v2\/posts"}],"about":[{"href":"https:\/\/www.adufpb.org.br\/site\/wp-json\/wp\/v2\/types\/post"}],"author":[{"embeddable":true,"href":"https:\/\/www.adufpb.org.br\/site\/wp-json\/wp\/v2\/users\/3"}],"replies":[{"embeddable":true,"href":"https:\/\/www.adufpb.org.br\/site\/wp-json\/wp\/v2\/comments?post=6217"}],"version-history":[{"count":4,"href":"https:\/\/www.adufpb.org.br\/site\/wp-json\/wp\/v2\/posts\/6217\/revisions"}],"predecessor-version":[{"id":6222,"href":"https:\/\/www.adufpb.org.br\/site\/wp-json\/wp\/v2\/posts\/6217\/revisions\/6222"}],"wp:attachment":[{"href":"https:\/\/www.adufpb.org.br\/site\/wp-json\/wp\/v2\/media?parent=6217"}],"wp:term":[{"taxonomy":"category","embeddable":true,"href":"https:\/\/www.adufpb.org.br\/site\/wp-json\/wp\/v2\/categories?post=6217"},{"taxonomy":"post_tag","embeddable":true,"href":"https:\/\/www.adufpb.org.br\/site\/wp-json\/wp\/v2\/tags?post=6217"}],"curies":[{"name":"wp","href":"https:\/\/api.w.org\/{rel}","templated":true}]}}