{"id":6202,"date":"2013-12-13T09:51:20","date_gmt":"2013-12-13T13:51:20","guid":{"rendered":"http:\/\/www.adufpb.org.br\/site\/?p=6202"},"modified":"2013-12-13T09:51:20","modified_gmt":"2013-12-13T13:51:20","slug":"senado-adia-votacao-do-pne-para-terca-feira-17","status":"publish","type":"post","link":"https:\/\/www.adufpb.org.br\/site\/senado-adia-votacao-do-pne-para-terca-feira-17\/","title":{"rendered":"Senado adia vota\u00e7\u00e3o do PNE para ter\u00e7a-feira (17)"},"content":{"rendered":"<p><a href=\"http:\/\/www.adufpb.org.br\/site\/wp-content\/uploads\/2013\/12\/senado-adia-vota\u00e7\u00e3o-do-PNE.jpg\"><img loading=\"lazy\" decoding=\"async\" class=\"alignleft size-medium wp-image-6203\" title=\"senado adia vota\u00e7\u00e3o do PNE\" src=\"http:\/\/www.adufpb.org.br\/site\/wp-content\/uploads\/2013\/12\/senado-adia-vota\u00e7\u00e3o-do-PNE-300x194.jpg\" alt=\"\" width=\"300\" height=\"194\" srcset=\"https:\/\/www.adufpb.org.br\/site\/wp-content\/uploads\/2013\/12\/senado-adia-vota\u00e7\u00e3o-do-PNE-300x194.jpg 300w, https:\/\/www.adufpb.org.br\/site\/wp-content\/uploads\/2013\/12\/senado-adia-vota\u00e7\u00e3o-do-PNE.jpg 462w\" sizes=\"auto, (max-width: 300px) 100vw, 300px\" \/><\/a>O Senado adiou para a pr\u00f3xima ter\u00e7a-feira (17\/12) a vota\u00e7\u00e3o do projeto que aprova o Plano Nacional de Educa\u00e7\u00e3o (PLC 103\/2012). Ap\u00f3s cerca de duas horas de discuss\u00e3o em plen\u00e1rio, na \u00faltima quarta-feira (11\/12) os senadores n\u00e3o chegaram a um consenso. O texto, ap\u00f3s votado no Senado, deve retornar para aprova\u00e7\u00e3o na C\u00e2mara do Deputados.<\/p>\n<p>Estavam em debate o relat\u00f3rio do Senador \u00c1lvaro Dias (PSDB-PR) e o substitutivo apresentado pelo Senador Vital do R\u00eago (PMDB-PB), que dialoga com a proposta original enviada ao Congresso pelo governo federal. O texto apresentado por Vital foi pouco modificado pelo relator em Plen\u00e1rio, senador Eduardo Braga (PMDB-AM), que rejeitou a proposta de texto alternativo apresentado pelo senador Cristovam Buarque (PDT-DF).<\/p>\n<p>\u201cDo ponto de vista da discuss\u00e3o pol\u00edtica, tanto a proposta do senador \u00c1lvaro Dias quanto a do senador Eduardo Braga est\u00e3o aqu\u00e9m de um compromisso com a educa\u00e7\u00e3o p\u00fablica para a popula\u00e7\u00e3o brasileira. N\u00e3o encaminham recursos adequados e suficientes para que a sociedade consiga enfrentar os graves problemas que a educa\u00e7\u00e3o brasileira tem\u201d, aponta Rubens Luiz Rodrigues, 1\u00ba vice-presidente da Regional Leste do ANDES-SN e da coordena\u00e7\u00e3o do Grupo de Trabalho de Pol\u00edticas Educacionais da entidade.<\/p>\n<p>O diretor do ANDES-SN destaca que, al\u00e9m de preverem a aplica\u00e7\u00e3o escalonada de 10% do PIB at\u00e9 2020 \u2013 para o Sindicato Nacional seria necess\u00e1rio o investimento imediato deste montante para se iniciar o resgate da educa\u00e7\u00e3o p\u00fablica no pa\u00eds -, as propostas favorecem os setores privatistas e facilitam a transfer\u00eancia de recursos p\u00fablicos para as empresas que lucram com a oferta de ensino.<\/p>\n<p>A presidente do ANDES-SN, Marinalva Oliveira, refor\u00e7a que o PNE proposto cumpre as exig\u00eancias dos organismos internacionais e reafirma o projeto de Educa\u00e7\u00e3o que o governo vem impondo \u00e0 sociedade.<\/p>\n<p>\u201cA pol\u00edtica educacional expressa no PNE faz parte de um programa de governo que foi institu\u00eddo desde 2007 pelo Plano de Desenvolvimento da Educa\u00e7\u00e3o, proposto para atender ao Banco Mundial. \u00c9 uma legisla\u00e7\u00e3o que retira da educa\u00e7\u00e3o o seu car\u00e1ter de direito social garantido constitucionalmente, ao privatizar o espa\u00e7o da educa\u00e7\u00e3o p\u00fablica atrav\u00e9s das Parcerias P\u00fablicas Privadas e com perspectivas limitadas \u00e0s taxas de escolariza\u00e7\u00e3o, rompendo com a articula\u00e7\u00e3o entre ensino, pesquisa e extens\u00e3o, e intensificando a precariza\u00e7\u00e3o do ensino\u201d, explica.<\/p>\n<p>O Sindicato Nacional defende que a educa\u00e7\u00e3o \u00e9 dever do Estado, e compete a ele garantir, por meio do ensino p\u00fablico e gratuito, o atendimento pleno das demandas sociais por educa\u00e7\u00e3o, em todos os n\u00edveis, etapas e modalidades. Isto tudo \u00e9 compromisso fundamental do poder p\u00fablico.<\/p>\n<p><em>* Com informa\u00e7\u00f5es e foto da Ag\u00eancia Senado<\/em><\/p>\n<p><em>Fonte: ANDES-SN<\/em><\/p>\n","protected":false},"excerpt":{"rendered":"<p>O Senado adiou para a pr\u00f3xima ter\u00e7a-feira (17\/12) a vota\u00e7\u00e3o do projeto que aprova o Plano Nacional de Educa\u00e7\u00e3o (PLC 103\/2012). Ap\u00f3s cerca de duas horas de discuss\u00e3o em plen\u00e1rio, na \u00faltima quarta-feira (11\/12) os senadores n\u00e3o chegaram a um consenso. O texto, ap\u00f3s votado no Senado, deve retornar para aprova\u00e7\u00e3o na C\u00e2mara do Deputados.&hellip;<\/p>\n","protected":false},"author":3,"featured_media":0,"comment_status":"open","ping_status":"open","sticky":false,"template":"","format":"standard","meta":{"footnotes":""},"categories":[15],"tags":[192,241],"class_list":["post-6202","post","type-post","status-publish","format-standard","hentry","category-noticias","tag-pne","tag-senado","category-15","description-off"],"_links":{"self":[{"href":"https:\/\/www.adufpb.org.br\/site\/wp-json\/wp\/v2\/posts\/6202","targetHints":{"allow":["GET"]}}],"collection":[{"href":"https:\/\/www.adufpb.org.br\/site\/wp-json\/wp\/v2\/posts"}],"about":[{"href":"https:\/\/www.adufpb.org.br\/site\/wp-json\/wp\/v2\/types\/post"}],"author":[{"embeddable":true,"href":"https:\/\/www.adufpb.org.br\/site\/wp-json\/wp\/v2\/users\/3"}],"replies":[{"embeddable":true,"href":"https:\/\/www.adufpb.org.br\/site\/wp-json\/wp\/v2\/comments?post=6202"}],"version-history":[{"count":1,"href":"https:\/\/www.adufpb.org.br\/site\/wp-json\/wp\/v2\/posts\/6202\/revisions"}],"predecessor-version":[{"id":6204,"href":"https:\/\/www.adufpb.org.br\/site\/wp-json\/wp\/v2\/posts\/6202\/revisions\/6204"}],"wp:attachment":[{"href":"https:\/\/www.adufpb.org.br\/site\/wp-json\/wp\/v2\/media?parent=6202"}],"wp:term":[{"taxonomy":"category","embeddable":true,"href":"https:\/\/www.adufpb.org.br\/site\/wp-json\/wp\/v2\/categories?post=6202"},{"taxonomy":"post_tag","embeddable":true,"href":"https:\/\/www.adufpb.org.br\/site\/wp-json\/wp\/v2\/tags?post=6202"}],"curies":[{"name":"wp","href":"https:\/\/api.w.org\/{rel}","templated":true}]}}