{"id":6200,"date":"2013-12-13T09:45:34","date_gmt":"2013-12-13T13:45:34","guid":{"rendered":"http:\/\/www.adufpb.org.br\/site\/?p=6200"},"modified":"2013-12-13T09:45:34","modified_gmt":"2013-12-13T13:45:34","slug":"encontro-da-regional-pantanal-do-andes-sn-comeca-nesta-sexta-13","status":"publish","type":"post","link":"https:\/\/www.adufpb.org.br\/site\/encontro-da-regional-pantanal-do-andes-sn-comeca-nesta-sexta-13\/","title":{"rendered":"Encontro da Regional Pantanal do ANDES-SN come\u00e7a nesta sexta (13)"},"content":{"rendered":"<p>Representantes das se\u00e7\u00f5es sindicais do ANDES-SN concentradas na Regional Pantanal se re\u00fanem nesta sexta-feira (13) e s\u00e1bado (14) para discutir a conjuntura e a atualiza\u00e7\u00e3o os planos de lutas locais, durante o 18\u00ba Encontro da Regional Pantanal.<\/p>\n<p>Na sexta, al\u00e9m da avalia\u00e7\u00e3o conjuntura, est\u00e1 previsto tamb\u00e9m o lan\u00e7amento local do segundo volume da Revista Dossi\u00ea Nacional 3 \u2013 Precariza\u00e7\u00e3o do trabalho docente. A manh\u00e3 de s\u00e1bado est\u00e1 reservada para a discuss\u00e3o sobre as quest\u00f5es relativas \u00e0s Institui\u00e7\u00f5es Estaduais de Ensino Superior, com o debate \u201cAs IES estaduais, precariza\u00e7\u00e3o do trabalho e PCCS &#8211; realidades e perspectivas\u201d. Para a parte da tarde, est\u00e1 programado a discuss\u00e3o do tema \u201cIES federais, precariza\u00e7\u00e3o do trabalho e mobiliza\u00e7\u00e3o docente\u201d.<\/p>\n<p>O 18 \u00ba Encontro da Regional Pantanal acontece no Hotel Turis, na cidade de Campo Grande (MS).<\/p>\n<p><em>Fonte: ANDES-SN<\/em><\/p>\n","protected":false},"excerpt":{"rendered":"<p>Representantes das se\u00e7\u00f5es sindicais do ANDES-SN concentradas na Regional Pantanal se re\u00fanem nesta sexta-feira (13) e s\u00e1bado (14) para discutir a conjuntura e a atualiza\u00e7\u00e3o os planos de lutas locais, durante o 18\u00ba Encontro da Regional Pantanal. Na sexta, al\u00e9m da avalia\u00e7\u00e3o conjuntura, est\u00e1 previsto tamb\u00e9m o lan\u00e7amento local do segundo volume da Revista Dossi\u00ea&hellip;<\/p>\n","protected":false},"author":3,"featured_media":0,"comment_status":"open","ping_status":"open","sticky":false,"template":"","format":"standard","meta":{"footnotes":""},"categories":[15],"tags":[],"class_list":["post-6200","post","type-post","status-publish","format-standard","hentry","category-noticias","category-15","description-off"],"_links":{"self":[{"href":"https:\/\/www.adufpb.org.br\/site\/wp-json\/wp\/v2\/posts\/6200","targetHints":{"allow":["GET"]}}],"collection":[{"href":"https:\/\/www.adufpb.org.br\/site\/wp-json\/wp\/v2\/posts"}],"about":[{"href":"https:\/\/www.adufpb.org.br\/site\/wp-json\/wp\/v2\/types\/post"}],"author":[{"embeddable":true,"href":"https:\/\/www.adufpb.org.br\/site\/wp-json\/wp\/v2\/users\/3"}],"replies":[{"embeddable":true,"href":"https:\/\/www.adufpb.org.br\/site\/wp-json\/wp\/v2\/comments?post=6200"}],"version-history":[{"count":1,"href":"https:\/\/www.adufpb.org.br\/site\/wp-json\/wp\/v2\/posts\/6200\/revisions"}],"predecessor-version":[{"id":6201,"href":"https:\/\/www.adufpb.org.br\/site\/wp-json\/wp\/v2\/posts\/6200\/revisions\/6201"}],"wp:attachment":[{"href":"https:\/\/www.adufpb.org.br\/site\/wp-json\/wp\/v2\/media?parent=6200"}],"wp:term":[{"taxonomy":"category","embeddable":true,"href":"https:\/\/www.adufpb.org.br\/site\/wp-json\/wp\/v2\/categories?post=6200"},{"taxonomy":"post_tag","embeddable":true,"href":"https:\/\/www.adufpb.org.br\/site\/wp-json\/wp\/v2\/tags?post=6200"}],"curies":[{"name":"wp","href":"https:\/\/api.w.org\/{rel}","templated":true}]}}