{"id":6192,"date":"2013-12-09T09:38:02","date_gmt":"2013-12-09T13:38:02","guid":{"rendered":"http:\/\/www.adufpb.org.br\/site\/?p=6192"},"modified":"2013-12-09T09:38:02","modified_gmt":"2013-12-09T13:38:02","slug":"revista-dossie-nacional-3-do-andes-sn-e-lancada-simultaneamente-pelo-pais","status":"publish","type":"post","link":"https:\/\/www.adufpb.org.br\/site\/revista-dossie-nacional-3-do-andes-sn-e-lancada-simultaneamente-pelo-pais\/","title":{"rendered":"Revista Dossi\u00ea Nacional 3 do ANDES-SN \u00e9 lan\u00e7ada simultaneamente pelo pa\u00eds"},"content":{"rendered":"<p><em>De norte ao sul do Brasil, segunda edi\u00e7\u00e3o da publica\u00e7\u00e3o teve seu lan\u00e7amento nacional realizado nos Encontros Regionais em Boa Vista (RR), Marab\u00e1 (PA), Teresina (PI), Rio de Janeiro (RJ) e Pelotas (RS)<\/em><\/p>\n<p><a href=\"http:\/\/www.adufpb.org.br\/site\/wp-content\/uploads\/2013\/12\/Revista-Dossi\u00ea-Nacional-3-do-ANDES-SN.jpg\"><img loading=\"lazy\" decoding=\"async\" class=\"alignleft size-medium wp-image-6193\" title=\"Revista Dossi\u00ea Nacional 3 do ANDES-SN\" src=\"http:\/\/www.adufpb.org.br\/site\/wp-content\/uploads\/2013\/12\/Revista-Dossi\u00ea-Nacional-3-do-ANDES-SN-300x166.jpg\" alt=\"\" width=\"300\" height=\"166\" srcset=\"https:\/\/www.adufpb.org.br\/site\/wp-content\/uploads\/2013\/12\/Revista-Dossi\u00ea-Nacional-3-do-ANDES-SN-300x166.jpg 300w, https:\/\/www.adufpb.org.br\/site\/wp-content\/uploads\/2013\/12\/Revista-Dossi\u00ea-Nacional-3-do-ANDES-SN.jpg 500w\" sizes=\"auto, (max-width: 300px) 100vw, 300px\" \/><\/a>A situa\u00e7\u00e3o em que se encontram as institui\u00e7\u00f5es federais de ensino (IFE) brasileiras, com o agravamento da precariza\u00e7\u00e3o que acomete os v\u00e1rios setores e segmentos que integram as IFE, se repete em diferentes n\u00edveis por todo o pa\u00eds. A fim de representar a dimens\u00e3o destes problemas e como estes t\u00eam feito parte da realidade da comunidade acad\u00eamica de institui\u00e7\u00f5es em praticamente todos os estados do Brasil, o ANDES-SN promoveu, na \u00faltima semana de novembro e na primeira semana de dezembro, o lan\u00e7amento nacional do segundo volume da Revista Dossi\u00ea Nacional 3 \u2013 Precariza\u00e7\u00e3o do trabalho docente, simultaneamente de norte a sul do pa\u00eds, durante edi\u00e7\u00f5es dos Encontros Regionais Norte 1, Norte 2, Rio Grande do Sul, Nordeste 1 e Rio de Janeiro.<\/p>\n<p><a href=\"http:\/\/www.adufpb.org.br\/site\/wp-content\/uploads\/2013\/12\/Revista-Dossi\u00ea-Nacional-3-do-ANDES-SN-5.jpg\"><img loading=\"lazy\" decoding=\"async\" class=\"alignright size-medium wp-image-6197\" title=\"Revista Dossi\u00ea Nacional 3 do ANDES-SN 5\" src=\"http:\/\/www.adufpb.org.br\/site\/wp-content\/uploads\/2013\/12\/Revista-Dossi\u00ea-Nacional-3-do-ANDES-SN-5-300x199.jpg\" alt=\"\" width=\"300\" height=\"199\" srcset=\"https:\/\/www.adufpb.org.br\/site\/wp-content\/uploads\/2013\/12\/Revista-Dossi\u00ea-Nacional-3-do-ANDES-SN-5-300x199.jpg 300w, https:\/\/www.adufpb.org.br\/site\/wp-content\/uploads\/2013\/12\/Revista-Dossi\u00ea-Nacional-3-do-ANDES-SN-5.jpg 451w\" sizes=\"auto, (max-width: 300px) 100vw, 300px\" \/><\/a>Boa Vista (RR), Marab\u00e1 (PA), Teresina (PI), Rio de Janeiro (RJ) e Pelotas (RS) foram as cidades que sediaram o lan\u00e7amento nacional, e representaram IFEs localizadas em capitais e no interior. A partir do tema central Na defesa da educa\u00e7\u00e3o p\u00fablica de qualidade, em 90 p\u00e1ginas \u00e9 dada a continuidade \u00e0s den\u00fancias feitas na primeira edi\u00e7\u00e3o da Revista, em rela\u00e7\u00e3o \u00e0s condi\u00e7\u00f5es de trabalho as quais t\u00eam sido expostas a comunidade acad\u00eamica, e as consequ\u00eancias do processo de expans\u00e3o adotado pelo governo com a implementa\u00e7\u00e3o do Reuni, entre outras quest\u00f5es.<\/p>\n<p><a href=\"http:\/\/www.adufpb.org.br\/site\/wp-content\/uploads\/2013\/12\/Revista-Dossi\u00ea-Nacional-3-do-ANDES-SN-4.jpg\"><img loading=\"lazy\" decoding=\"async\" class=\"alignleft size-medium wp-image-6196\" title=\"Revista Dossi\u00ea Nacional 3 do ANDES-SN 4\" src=\"http:\/\/www.adufpb.org.br\/site\/wp-content\/uploads\/2013\/12\/Revista-Dossi\u00ea-Nacional-3-do-ANDES-SN-4-300x199.jpg\" alt=\"\" width=\"300\" height=\"199\" srcset=\"https:\/\/www.adufpb.org.br\/site\/wp-content\/uploads\/2013\/12\/Revista-Dossi\u00ea-Nacional-3-do-ANDES-SN-4-300x199.jpg 300w, https:\/\/www.adufpb.org.br\/site\/wp-content\/uploads\/2013\/12\/Revista-Dossi\u00ea-Nacional-3-do-ANDES-SN-4.jpg 451w\" sizes=\"auto, (max-width: 300px) 100vw, 300px\" \/><\/a>Para a presidente do ANDES-SN, Marinalva Oliveira, o governo continua implantando o projeto no qual o Estado se desobriga do compromisso com a educa\u00e7\u00e3o p\u00fablica e gratuita e incentiva a mercantiliza\u00e7\u00e3o. \u201cCom a aprova\u00e7\u00e3o do PNE, o processo de expans\u00e3o e financiamento ocorrer\u00e1 prioritariamente atrav\u00e9s da parceria politica privada como o Prouni, o Fies, e a Lei das Comunit\u00e1rias \u2013 n\u00ba 12881 &#8211; e limita\u00e7\u00e3o da autonomia universit\u00e1ria com redu\u00e7\u00e3o do espa\u00e7o verdadeiramente p\u00fablico, conforme Lei Org\u00e2nica que o governo tenta impor as universidades\u201d, afirma.<\/p>\n<p>De acordo com o 1\u00ba vice-presidente do ANDES-SN e encarregado de imprensa do Sindicato Nacional, Luiz Henrique Schuch, os temas variam desde quest\u00f5es materiais, como a \u201cfalta de salas de aula, bibliotecas e laborat\u00f3rios at\u00e9 o ataque aos valores e condutas impostos \u00e0s rela\u00e7\u00f5es, como o autoritarismo e o ass\u00e9dio moral, passando por uma inflex\u00e3o negativa a respeito do carater p\u00fablico do ambiente e dos percursos acad\u00eamicos, como \u00e9 o caso desestrutura\u00e7\u00e3o da carreira docente, o desvio ideol\u00f3gico na concep\u00e7\u00e3o do m\u00e9rito acad\u00eamico, perdas de direitos e o empresariamento dos hospitais universit\u00e1rios\u201d, cita. Para a produ\u00e7\u00e3o das reportagens, foram entrevistados docentes de todo o pa\u00eds.<\/p>\n<p><a href=\"http:\/\/www.adufpb.org.br\/site\/wp-content\/uploads\/2013\/12\/Revista-Dossi\u00ea-Nacional-3-do-ANDES-SN-3.jpg\"><img loading=\"lazy\" decoding=\"async\" class=\"alignright size-medium wp-image-6195\" title=\"Revista Dossi\u00ea Nacional 3 do ANDES-SN 3\" src=\"http:\/\/www.adufpb.org.br\/site\/wp-content\/uploads\/2013\/12\/Revista-Dossi\u00ea-Nacional-3-do-ANDES-SN-3-300x177.jpg\" alt=\"\" width=\"300\" height=\"177\" srcset=\"https:\/\/www.adufpb.org.br\/site\/wp-content\/uploads\/2013\/12\/Revista-Dossi\u00ea-Nacional-3-do-ANDES-SN-3-300x177.jpg 300w, https:\/\/www.adufpb.org.br\/site\/wp-content\/uploads\/2013\/12\/Revista-Dossi\u00ea-Nacional-3-do-ANDES-SN-3.jpg 500w\" sizes=\"auto, (max-width: 300px) 100vw, 300px\" \/><\/a>A privatiza\u00e7\u00e3o da educa\u00e7\u00e3o no Brasil, a falta de democracia e transpar\u00eancia na gest\u00e3o das IFE, as repress\u00f5es, persegui\u00e7\u00f5es e casos de ass\u00e9dio moral, al\u00e9m do aumento do adoecimento docente, e os reflex\u00f5es da ades\u00e3o dos hospitais universit\u00e1rios \u00e0 Empresa Brasileira de Servi\u00e7os Hospitalares (Ebserh) s\u00e3o alguns dos temas abordados na Revista.<\/p>\n<p>\u201cO dossi\u00ea mostra que em nada melhorou as condi\u00e7\u00f5es de trabalho dos docentes, pelo contr\u00e1rio, temos uma carreira mais desestruturada, piores condi\u00e7\u00f5es de trabalho e perda de direitos para os novos docentes, com o Funpresp, por exemplo\u201d, acrescenta a diretora do ANDES-SN. Apesar das in\u00fameras tentativas de negocia\u00e7\u00e3o com o governo, Marinalva afirma que n\u00e3o houve avan\u00e7o na negocia\u00e7\u00e3o da pauta dos docentes, como melhores condi\u00e7\u00f5es de trabalho e carreira. Entre as lutas de 2013, a presidente do ANDES-SN destaca as mobiliza\u00e7\u00f5es contra a Ebserh, o Funpresp, o Plano Nacional de Educa\u00e7\u00e3o (PNE), a rearticula\u00e7\u00e3o do Comit\u00ea dos 10% do PIB para a educa\u00e7\u00e3o p\u00fablica, j\u00e1!, e a constru\u00e7\u00e3o do Encontro Nacional de Educa\u00e7\u00e3o.<\/p>\n<p><strong><a href=\"http:\/\/www.adufpb.org.br\/site\/wp-content\/uploads\/2013\/12\/Revista-Dossi\u00ea-Nacional-3-do-ANDES-SN-2.jpg\"><img loading=\"lazy\" decoding=\"async\" class=\"alignleft size-medium wp-image-6194\" title=\"Revista Dossi\u00ea Nacional 3 do ANDES-SN 2\" src=\"http:\/\/www.adufpb.org.br\/site\/wp-content\/uploads\/2013\/12\/Revista-Dossi\u00ea-Nacional-3-do-ANDES-SN-2-300x187.jpg\" alt=\"\" width=\"300\" height=\"187\" srcset=\"https:\/\/www.adufpb.org.br\/site\/wp-content\/uploads\/2013\/12\/Revista-Dossi\u00ea-Nacional-3-do-ANDES-SN-2-300x187.jpg 300w, https:\/\/www.adufpb.org.br\/site\/wp-content\/uploads\/2013\/12\/Revista-Dossi\u00ea-Nacional-3-do-ANDES-SN-2.jpg 479w\" sizes=\"auto, (max-width: 300px) 100vw, 300px\" \/><\/a>Revista Dossi\u00ea Nacional 3 \u2013 Precariza\u00e7\u00e3o do trabalho docente I e II<\/strong><\/p>\n<p>A realidade nas IFE \u00e9 contada por docentes de 34 Se\u00e7\u00f5es Sindicais que, durante a maior greve da categoria em 2012, elaboraram dossi\u00eas sobre a situa\u00e7\u00e3o prec\u00e1ria das institui\u00e7\u00f5es onde trabalham, que resultaram na terceira edi\u00e7\u00e3o da Revista Dossi\u00ea Nacional: Precariza\u00e7\u00e3o das Condi\u00e7\u00f5es do Trabalho I e II. S\u00e3o mais de 20 tem\u00e1ticas, em formato jornal\u00edstico, divididas em dois volumes: a primeira com nove e a segunda com 10 mat\u00e9rias.<\/p>\n<p>O volume 1, lan\u00e7ado no dia 24 de abril durante ato das entidades do setor da Educa\u00e7\u00e3o no Minist\u00e9rio da Educa\u00e7\u00e3o (MEC), em Bras\u00edlia, aborda o tema Cargos, vagas e Reuni: os efeitos da expans\u00e3o quantitativa da educa\u00e7\u00e3o federal e apresenta uma s\u00e9rie de reportagens com entrevistas, fotos, depoimentos, documentos e charges, al\u00e9m de ensaio fotogr\u00e1fico que mostra a realidade da Universidade Federal Fluminense (UFF) e oito artigos.<\/p>\n<p><em>Fonte: ANDES-SN<\/em><\/p>\n","protected":false},"excerpt":{"rendered":"<p>De norte ao sul do Brasil, segunda edi\u00e7\u00e3o da publica\u00e7\u00e3o teve seu lan\u00e7amento nacional realizado nos Encontros Regionais em Boa Vista (RR), Marab\u00e1 (PA), Teresina (PI), Rio de Janeiro (RJ) e Pelotas (RS) A situa\u00e7\u00e3o em que se encontram as institui\u00e7\u00f5es federais de ensino (IFE) brasileiras, com o agravamento da precariza\u00e7\u00e3o que acomete os v\u00e1rios&hellip;<\/p>\n","protected":false},"author":3,"featured_media":0,"comment_status":"open","ping_status":"open","sticky":false,"template":"","format":"standard","meta":{"footnotes":""},"categories":[15],"tags":[413],"class_list":["post-6192","post","type-post","status-publish","format-standard","hentry","category-noticias","tag-revista-dossie-nacional","category-15","description-off"],"_links":{"self":[{"href":"https:\/\/www.adufpb.org.br\/site\/wp-json\/wp\/v2\/posts\/6192","targetHints":{"allow":["GET"]}}],"collection":[{"href":"https:\/\/www.adufpb.org.br\/site\/wp-json\/wp\/v2\/posts"}],"about":[{"href":"https:\/\/www.adufpb.org.br\/site\/wp-json\/wp\/v2\/types\/post"}],"author":[{"embeddable":true,"href":"https:\/\/www.adufpb.org.br\/site\/wp-json\/wp\/v2\/users\/3"}],"replies":[{"embeddable":true,"href":"https:\/\/www.adufpb.org.br\/site\/wp-json\/wp\/v2\/comments?post=6192"}],"version-history":[{"count":1,"href":"https:\/\/www.adufpb.org.br\/site\/wp-json\/wp\/v2\/posts\/6192\/revisions"}],"predecessor-version":[{"id":6198,"href":"https:\/\/www.adufpb.org.br\/site\/wp-json\/wp\/v2\/posts\/6192\/revisions\/6198"}],"wp:attachment":[{"href":"https:\/\/www.adufpb.org.br\/site\/wp-json\/wp\/v2\/media?parent=6192"}],"wp:term":[{"taxonomy":"category","embeddable":true,"href":"https:\/\/www.adufpb.org.br\/site\/wp-json\/wp\/v2\/categories?post=6192"},{"taxonomy":"post_tag","embeddable":true,"href":"https:\/\/www.adufpb.org.br\/site\/wp-json\/wp\/v2\/tags?post=6192"}],"curies":[{"name":"wp","href":"https:\/\/api.w.org\/{rel}","templated":true}]}}