{"id":6131,"date":"2013-11-29T11:30:47","date_gmt":"2013-11-29T15:30:47","guid":{"rendered":"http:\/\/www.adufpb.org.br\/site\/?p=6131"},"modified":"2014-03-31T19:36:26","modified_gmt":"2014-03-31T23:36:26","slug":"assembleia-em-joao-pessoa-e-no-litoral-norte-sera-no-proximo-dia-4","status":"publish","type":"post","link":"https:\/\/www.adufpb.org.br\/site\/assembleia-em-joao-pessoa-e-no-litoral-norte-sera-no-proximo-dia-4\/","title":{"rendered":"Professores de Jo\u00e3o Pessoa e do Litoral Norte fazem assembleia dia 4"},"content":{"rendered":"<p dir=\"ltr\">Os professores da UFPB nos campi de Jo\u00e3o Pessoa e Litoral Norte re\u00fanem-se em assembleia na pr\u00f3xima quarta-feira, dia 4 de dezembro, para escolher oito delegados da ADUFPB que participar\u00e3o do 33\u00ba Congresso do ANDES-SN, programado para acontecer entre os dias 10 e 15 de fevereiro de 2014 na cidade de S\u00e3o Lu\u00eds (MA).<\/p>\n<p dir=\"ltr\">Nos campi de Areia e Bananeiras, as assembleias para elei\u00e7\u00e3o dos delegados ocorreram no dia 27 de novembro. No total, a ADUFPB deve enviar para o 33\u00ba Congresso do ANDES-SN 11 delegados e um observador.<\/p>\n<p dir=\"ltr\">Na pauta da assembleia do Litoral Norte consta ainda um ponto extra: a avalia\u00e7\u00e3o do termo de compromisso assinado pela reitora da UFPB, Margareth Diniz, ap\u00f3s a greve de estudantes realizada nos meses de julho e agosto deste ano.<\/p>\n<p dir=\"ltr\">Em Jo\u00e3o Pessoa, a assembleia ocorrer\u00e1 no Centro de Viv\u00eancia, a partir das 9h. J\u00e1 no campus Litoral Norte, a reuni\u00e3o est\u00e1 marcada para 10h, no audit\u00f3rio da unidade de Mamanguape.<\/p>\n<p style=\"text-align: center;\"><strong>AGENDE-SE<\/strong><\/p>\n<ul>\n<li><strong>Assembleias dos professores<\/strong><\/li>\n<li><span style=\"text-decoration: underline;\">Jo\u00e3o Pessoa<\/span> &#8211; 9h, no Centro de Viv\u00eancia<\/li>\n<li><span style=\"text-decoration: underline;\">Litoral Norte<\/span> &#8211; 10h, no audit\u00f3rio de Mamanguape<\/li>\n<\/ul>\n<p><em>Fonte: Ascom ADUFPB<\/em><\/p>\n","protected":false},"excerpt":{"rendered":"<p>Os professores da UFPB nos campi de Jo\u00e3o Pessoa e Litoral Norte re\u00fanem-se em assembleia na pr\u00f3xima quarta-feira, dia 4 de dezembro, para escolher oito delegados da ADUFPB que participar\u00e3o do 33\u00ba Congresso do ANDES-SN, programado para acontecer entre os dias 10 e 15 de fevereiro de 2014 na cidade de S\u00e3o Lu\u00eds (MA). Nos&hellip;<\/p>\n","protected":false},"author":3,"featured_media":0,"comment_status":"open","ping_status":"open","sticky":false,"template":"","format":"standard","meta":{"footnotes":""},"categories":[15,438],"tags":[95],"class_list":["post-6131","post","type-post","status-publish","format-standard","hentry","category-noticias","category-secretarias-adjuntas","tag-assembleias","category-15","category-438","description-off"],"_links":{"self":[{"href":"https:\/\/www.adufpb.org.br\/site\/wp-json\/wp\/v2\/posts\/6131","targetHints":{"allow":["GET"]}}],"collection":[{"href":"https:\/\/www.adufpb.org.br\/site\/wp-json\/wp\/v2\/posts"}],"about":[{"href":"https:\/\/www.adufpb.org.br\/site\/wp-json\/wp\/v2\/types\/post"}],"author":[{"embeddable":true,"href":"https:\/\/www.adufpb.org.br\/site\/wp-json\/wp\/v2\/users\/3"}],"replies":[{"embeddable":true,"href":"https:\/\/www.adufpb.org.br\/site\/wp-json\/wp\/v2\/comments?post=6131"}],"version-history":[{"count":9,"href":"https:\/\/www.adufpb.org.br\/site\/wp-json\/wp\/v2\/posts\/6131\/revisions"}],"predecessor-version":[{"id":8573,"href":"https:\/\/www.adufpb.org.br\/site\/wp-json\/wp\/v2\/posts\/6131\/revisions\/8573"}],"wp:attachment":[{"href":"https:\/\/www.adufpb.org.br\/site\/wp-json\/wp\/v2\/media?parent=6131"}],"wp:term":[{"taxonomy":"category","embeddable":true,"href":"https:\/\/www.adufpb.org.br\/site\/wp-json\/wp\/v2\/categories?post=6131"},{"taxonomy":"post_tag","embeddable":true,"href":"https:\/\/www.adufpb.org.br\/site\/wp-json\/wp\/v2\/tags?post=6131"}],"curies":[{"name":"wp","href":"https:\/\/api.w.org\/{rel}","templated":true}]}}