{"id":6129,"date":"2013-11-29T10:43:21","date_gmt":"2013-11-29T14:43:21","guid":{"rendered":"http:\/\/www.adufpb.org.br\/site\/?p=6129"},"modified":"2013-11-29T10:43:21","modified_gmt":"2013-11-29T14:43:21","slug":"missa-de-7o-dia","status":"publish","type":"post","link":"https:\/\/www.adufpb.org.br\/site\/missa-de-7o-dia\/","title":{"rendered":"MISSA DE 7\u00ba DIA"},"content":{"rendered":"<div><span style=\"font-size: medium;\">Terezinha Diniz e familiares convidam seus colegas e amigos para participarem da Missa de 7\u00ba Dia de sua sobrinha-irm\u00e3\u00a0<strong>FRANCISCA ALVES DINIZ<\/strong>\u00a0(a nossa\u00a0<strong>DINIZ)<\/strong>, no dia 30 de novembro de 2013, \u00e0s 16h00, no Santu\u00e1rio Nossa Senhora Imaculada Concei\u00e7\u00e3o, em Tambauzinho (ao lado do Espa\u00e7o Cultural).<\/span><\/div>\n<div><span style=\"font-size: medium;\">\u00a0<\/span><\/div>\n<div><span style=\"font-size: medium;\">Com agradecimentos,<\/span><\/div>\n<div><span style=\"font-size: medium;\">\u00a0<\/span><\/div>\n<div><span style=\"font-size: medium;\">Terezinha Diniz<\/span><\/div>\n","protected":false},"excerpt":{"rendered":"<p>Terezinha Diniz e familiares convidam seus colegas e amigos para participarem da Missa de 7\u00ba Dia de sua sobrinha-irm\u00e3\u00a0FRANCISCA ALVES DINIZ\u00a0(a nossa\u00a0DINIZ), no dia 30 de novembro de 2013, \u00e0s 16h00, no Santu\u00e1rio Nossa Senhora Imaculada Concei\u00e7\u00e3o, em Tambauzinho (ao lado do Espa\u00e7o Cultural). \u00a0 Com agradecimentos, \u00a0 Terezinha Diniz<\/p>\n","protected":false},"author":3,"featured_media":0,"comment_status":"open","ping_status":"open","sticky":false,"template":"","format":"standard","meta":{"footnotes":""},"categories":[15],"tags":[],"class_list":["post-6129","post","type-post","status-publish","format-standard","hentry","category-noticias","category-15","description-off"],"_links":{"self":[{"href":"https:\/\/www.adufpb.org.br\/site\/wp-json\/wp\/v2\/posts\/6129","targetHints":{"allow":["GET"]}}],"collection":[{"href":"https:\/\/www.adufpb.org.br\/site\/wp-json\/wp\/v2\/posts"}],"about":[{"href":"https:\/\/www.adufpb.org.br\/site\/wp-json\/wp\/v2\/types\/post"}],"author":[{"embeddable":true,"href":"https:\/\/www.adufpb.org.br\/site\/wp-json\/wp\/v2\/users\/3"}],"replies":[{"embeddable":true,"href":"https:\/\/www.adufpb.org.br\/site\/wp-json\/wp\/v2\/comments?post=6129"}],"version-history":[{"count":1,"href":"https:\/\/www.adufpb.org.br\/site\/wp-json\/wp\/v2\/posts\/6129\/revisions"}],"predecessor-version":[{"id":6130,"href":"https:\/\/www.adufpb.org.br\/site\/wp-json\/wp\/v2\/posts\/6129\/revisions\/6130"}],"wp:attachment":[{"href":"https:\/\/www.adufpb.org.br\/site\/wp-json\/wp\/v2\/media?parent=6129"}],"wp:term":[{"taxonomy":"category","embeddable":true,"href":"https:\/\/www.adufpb.org.br\/site\/wp-json\/wp\/v2\/categories?post=6129"},{"taxonomy":"post_tag","embeddable":true,"href":"https:\/\/www.adufpb.org.br\/site\/wp-json\/wp\/v2\/tags?post=6129"}],"curies":[{"name":"wp","href":"https:\/\/api.w.org\/{rel}","templated":true}]}}