{"id":6094,"date":"2013-11-21T14:01:18","date_gmt":"2013-11-21T18:01:18","guid":{"rendered":"http:\/\/www.adufpb.org.br\/site\/?p=6094"},"modified":"2013-11-21T14:07:14","modified_gmt":"2013-11-21T18:07:14","slug":"adufpb-realiza-assembleias-a-partir-da-proxima-semana","status":"publish","type":"post","link":"https:\/\/www.adufpb.org.br\/site\/adufpb-realiza-assembleias-a-partir-da-proxima-semana\/","title":{"rendered":"ADUFPB realiza assembleias a partir da pr\u00f3xima semana"},"content":{"rendered":"<p dir=\"ltr\">Os professores da UFPB re\u00fanem-se em assembleia geral nos dias 27 de novembro, nos campi de Areia e Bananeiras, e no dia 4 de dezembro, em Jo\u00e3o Pessoa e no Litoral Norte. Em pauta: informes, escolha de delegados para o 33\u00ba Congresso do ANDES-SN (que acontecer\u00e1 em S\u00e3o Lu\u00eds &#8211; MA, entre os dias 10 e 15 de fevereiro do pr\u00f3ximo ano) e encaminhamentos.<\/p>\n<p dir=\"ltr\">Na pauta da assembleia do Litoral Norte consta ainda um ponto extra: a avalia\u00e7\u00e3o do termo de compromisso assinado pela reitora da UFPB, Margareth Diniz, ap\u00f3s a greve de estudantes realizada nos meses de julho e agosto deste ano.<\/p>\n<p>Em Areia, a reuni\u00e3o ocorrer\u00e1 pela manh\u00e3 e, em Bananeiras, \u00e0 tarde. Nos dois campi, a assembleia ser\u00e1 realizada na sede da Secretaria Adjunta da ADUFPB. No Litoral Norte, a reuni\u00e3o est\u00e1 marcada para 10h, no audit\u00f3rio de Mamanguape. E, em Jo\u00e3o Pessoa, ser\u00e1 \u00e0s 9h, no Centro de Viv\u00eancia do campus.<\/p>\n<p><em>Fonte: Ascom ADUFPB<\/em><\/p>\n","protected":false},"excerpt":{"rendered":"<p>Os professores da UFPB re\u00fanem-se em assembleia geral nos dias 27 de novembro, nos campi de Areia e Bananeiras, e no dia 4 de dezembro, em Jo\u00e3o Pessoa e no Litoral Norte. Em pauta: informes, escolha de delegados para o 33\u00ba Congresso do ANDES-SN (que acontecer\u00e1 em S\u00e3o Lu\u00eds &#8211; MA, entre os dias 10&hellip;<\/p>\n","protected":false},"author":3,"featured_media":0,"comment_status":"open","ping_status":"open","sticky":false,"template":"","format":"standard","meta":{"footnotes":""},"categories":[15],"tags":[95],"class_list":["post-6094","post","type-post","status-publish","format-standard","hentry","category-noticias","tag-assembleias","category-15","description-off"],"_links":{"self":[{"href":"https:\/\/www.adufpb.org.br\/site\/wp-json\/wp\/v2\/posts\/6094","targetHints":{"allow":["GET"]}}],"collection":[{"href":"https:\/\/www.adufpb.org.br\/site\/wp-json\/wp\/v2\/posts"}],"about":[{"href":"https:\/\/www.adufpb.org.br\/site\/wp-json\/wp\/v2\/types\/post"}],"author":[{"embeddable":true,"href":"https:\/\/www.adufpb.org.br\/site\/wp-json\/wp\/v2\/users\/3"}],"replies":[{"embeddable":true,"href":"https:\/\/www.adufpb.org.br\/site\/wp-json\/wp\/v2\/comments?post=6094"}],"version-history":[{"count":4,"href":"https:\/\/www.adufpb.org.br\/site\/wp-json\/wp\/v2\/posts\/6094\/revisions"}],"predecessor-version":[{"id":6099,"href":"https:\/\/www.adufpb.org.br\/site\/wp-json\/wp\/v2\/posts\/6094\/revisions\/6099"}],"wp:attachment":[{"href":"https:\/\/www.adufpb.org.br\/site\/wp-json\/wp\/v2\/media?parent=6094"}],"wp:term":[{"taxonomy":"category","embeddable":true,"href":"https:\/\/www.adufpb.org.br\/site\/wp-json\/wp\/v2\/categories?post=6094"},{"taxonomy":"post_tag","embeddable":true,"href":"https:\/\/www.adufpb.org.br\/site\/wp-json\/wp\/v2\/tags?post=6094"}],"curies":[{"name":"wp","href":"https:\/\/api.w.org\/{rel}","templated":true}]}}