{"id":6078,"date":"2013-11-20T12:03:23","date_gmt":"2013-11-20T16:03:23","guid":{"rendered":"http:\/\/www.adufpb.org.br\/site\/?p=6078"},"modified":"2013-11-29T12:19:45","modified_gmt":"2013-11-29T16:19:45","slug":"festa-de-confraternizacao-da-adufpb-sera-dia-13-de-dezembro","status":"publish","type":"post","link":"https:\/\/www.adufpb.org.br\/site\/festa-de-confraternizacao-da-adufpb-sera-dia-13-de-dezembro\/","title":{"rendered":"Festa de confraterniza\u00e7\u00e3o da ADUFPB ser\u00e1 dia 13 de dezembro"},"content":{"rendered":"<p>A tradicional festa de fim do ano da ADUFPB j\u00e1 tem data e local definidos. A confraterniza\u00e7\u00e3o ocorrer\u00e1 no dia 13 de dezembro, a partir das 22h, na casa de recep\u00e7\u00f5es Pa\u00e7o dos Le\u00f5es, localizada no bairro do Altiplano.<strong><\/strong><\/p>\n<p>A festa ser\u00e1 animada pela Banda Mistura Fina. O evento \u00e9 mais uma oportunidade para os docentes comemorarem o anivers\u00e1rio de 35 anos da ADUFPB, completados no m\u00eas de outubro.<\/p>\n<p>A entrega de senhas ocorrer\u00e1 entre os dias 2 e 6 de dezembro, na sede do sindicato, que fica no Centro de Viv\u00eancia do campus I, em Jo\u00e3o Pessoa. O atendimento ser\u00e1 feito das 9h \u00e0s 12h e das 15h \u00e0s 18h, pela secret\u00e1ria executiva da ADUFPB, C\u00e9lia Lopes.<\/p>\n<p>Cada docente ter\u00e1 direito a duas senhas: uma delas para uso pessoal e a outra para um acompanhante. Na recep\u00e7\u00e3o da festa, ser\u00e1 solicitada a apresenta\u00e7\u00e3o de documento de identifica\u00e7\u00e3o, que pode ser a carteira de Associado da ADUFPB ou um documento de identifica\u00e7\u00e3o. N\u00e3o ser\u00e1 permitido o acesso sem a apresenta\u00e7\u00e3o das senhas.<\/p>\n","protected":false},"excerpt":{"rendered":"<p>A tradicional festa de fim do ano da ADUFPB j\u00e1 tem data e local definidos. A confraterniza\u00e7\u00e3o ocorrer\u00e1 no dia 13 de dezembro, a partir das 22h, na casa de recep\u00e7\u00f5es Pa\u00e7o dos Le\u00f5es, localizada no bairro do Altiplano. A festa ser\u00e1 animada pela Banda Mistura Fina. O evento \u00e9 mais uma oportunidade para os&hellip;<\/p>\n","protected":false},"author":3,"featured_media":0,"comment_status":"open","ping_status":"open","sticky":false,"template":"","format":"standard","meta":{"footnotes":""},"categories":[15],"tags":[396,400,98,162,407],"class_list":["post-6078","post","type-post","status-publish","format-standard","hentry","category-noticias","tag-adufpb-35-anos","tag-aniversario-da-adufpb","tag-confraternizacao","tag-festas","tag-fim-de-ano","category-15","description-off"],"_links":{"self":[{"href":"https:\/\/www.adufpb.org.br\/site\/wp-json\/wp\/v2\/posts\/6078","targetHints":{"allow":["GET"]}}],"collection":[{"href":"https:\/\/www.adufpb.org.br\/site\/wp-json\/wp\/v2\/posts"}],"about":[{"href":"https:\/\/www.adufpb.org.br\/site\/wp-json\/wp\/v2\/types\/post"}],"author":[{"embeddable":true,"href":"https:\/\/www.adufpb.org.br\/site\/wp-json\/wp\/v2\/users\/3"}],"replies":[{"embeddable":true,"href":"https:\/\/www.adufpb.org.br\/site\/wp-json\/wp\/v2\/comments?post=6078"}],"version-history":[{"count":4,"href":"https:\/\/www.adufpb.org.br\/site\/wp-json\/wp\/v2\/posts\/6078\/revisions"}],"predecessor-version":[{"id":6150,"href":"https:\/\/www.adufpb.org.br\/site\/wp-json\/wp\/v2\/posts\/6078\/revisions\/6150"}],"wp:attachment":[{"href":"https:\/\/www.adufpb.org.br\/site\/wp-json\/wp\/v2\/media?parent=6078"}],"wp:term":[{"taxonomy":"category","embeddable":true,"href":"https:\/\/www.adufpb.org.br\/site\/wp-json\/wp\/v2\/categories?post=6078"},{"taxonomy":"post_tag","embeddable":true,"href":"https:\/\/www.adufpb.org.br\/site\/wp-json\/wp\/v2\/tags?post=6078"}],"curies":[{"name":"wp","href":"https:\/\/api.w.org\/{rel}","templated":true}]}}