{"id":6062,"date":"2013-11-18T09:38:30","date_gmt":"2013-11-18T13:38:30","guid":{"rendered":"http:\/\/www.adufpb.org.br\/site\/?p=6062"},"modified":"2013-11-18T09:38:30","modified_gmt":"2013-11-18T13:38:30","slug":"desorganizacao-e-irregularidades-marcam-selecao-da-ebserh-para-o-huufma","status":"publish","type":"post","link":"https:\/\/www.adufpb.org.br\/site\/desorganizacao-e-irregularidades-marcam-selecao-da-ebserh-para-o-huufma\/","title":{"rendered":"Desorganiza\u00e7\u00e3o e irregularidades marcam sele\u00e7\u00e3o da Ebserh para o HUUFMA"},"content":{"rendered":"<p>No \u00faltimo dia 10 de novembro, o processo seletivo para preenchimento de vagas para a Empresa Brasileira de Servi\u00e7os Hospitalares (Ebserh) com lota\u00e7\u00e3o no Hospital Universit\u00e1rio da Universidade Federal do Maranh\u00e3o (HUUFMA), realizado pelo Instituto Brasileiro de Forma\u00e7\u00e3o e Capacita\u00e7\u00e3o, foi marcado por desorganiza\u00e7\u00e3o e irregularidades.<\/p>\n<p>De acordo com den\u00fancias dos candidatos, houve atraso de mais de uma hora para a chegada das provas e uma candidata n\u00e3o pode fazer a prova para a \u00e1rea de Enfermagem porque o n\u00famero do CPF estava inscrito para concurso em Bras\u00edlia. H\u00e1 acusa\u00e7\u00f5es ainda de que alguns participantes do certame para n\u00edvel Superior teriam postado fotos e comentado a desorganiza\u00e7\u00e3o da sele\u00e7\u00e3o no aplicativo WhatsApp de um grupo.<\/p>\n<p>O 1\u00ba vice-presidente da Regional Nordeste 1 do ANDES-SN, Ant\u00f4nio Gon\u00e7alves Filho, conta que a Associa\u00e7\u00e3o de Professores da Universidade Federal do Maranh\u00e3o (Apruma), Se\u00e7\u00e3o Sindical do ANDES-SN, tem recebido v\u00e1rias den\u00fancias de irregularidades ocorridas durante o concurso. \u201cH\u00e1 informa\u00e7\u00f5es de que turmas inteiras n\u00e3o receberam a prova, candidatos que esperaram por mais de uma hora para receb\u00ea-la, candidatos que tinham tr\u00eas provas com seu nome e outros sem nenhuma e ainda de pessoas que utilizaram o celular\u201d, exemplifica. O diretor do ANDES-SN acrescenta que a Apruma est\u00e1 reunindo todas as informa\u00e7\u00f5es acerca das irregularidades para fazer uma den\u00fancia no Minist\u00e9rio P\u00fablico, na qual pedir\u00e1 a anula\u00e7\u00e3o do concurso, \u201cem defesa da universidade\u201d.<\/p>\n<p>De acordo com a Apruma, os candidatos para o cargo de t\u00e9cnico em Qu\u00edmica registraram queixa na delegacia por receberem prova para t\u00e9cnico de Contabilidade. A Ebserh reconheceu a irregularidade e marcou provas para os dois cargos no pr\u00f3ximo domingo, dia 17 (<a href=\"http:\/\/portal.andes.org.br\/imprensa\/noticias\/imp-ult-1211672458.pdf\" target=\"_blank\">confira<\/a>) \u201cA prova referente aos dois cargos [t\u00e9cnico em Qu\u00edmica e t\u00e9cnico em Contabilidade] est\u00e3o dispon\u00edveis no site. Eles ter\u00e3o que elaborar outra prova at\u00e9 domingo [17]\u201d, diz Ant\u00f4nio.<\/p>\n<p>Na quarta-feira (13) foi realizada uma reuni\u00e3o com a Assessoria Jur\u00eddica da Apruma sobre a sele\u00e7\u00e3o da Ebserh e, nesta quinta-feira (14), as irregularidades no processo seletivo \u00e9 um dos pontos de pauta da assembleia, que reunir\u00e1 os docentes da UFMA.<\/p>\n<p><em>* Com informa\u00e7\u00f5es da Apruma<\/em><\/p>\n<p><em>Fonte: ANDES-SN<\/em><\/p>\n","protected":false},"excerpt":{"rendered":"<p>No \u00faltimo dia 10 de novembro, o processo seletivo para preenchimento de vagas para a Empresa Brasileira de Servi\u00e7os Hospitalares (Ebserh) com lota\u00e7\u00e3o no Hospital Universit\u00e1rio da Universidade Federal do Maranh\u00e3o (HUUFMA), realizado pelo Instituto Brasileiro de Forma\u00e7\u00e3o e Capacita\u00e7\u00e3o, foi marcado por desorganiza\u00e7\u00e3o e irregularidades. De acordo com den\u00fancias dos candidatos, houve atraso de&hellip;<\/p>\n","protected":false},"author":3,"featured_media":0,"comment_status":"open","ping_status":"open","sticky":false,"template":"","format":"standard","meta":{"footnotes":""},"categories":[15],"tags":[249,201,182],"class_list":["post-6062","post","type-post","status-publish","format-standard","hentry","category-noticias","tag-ebserh","tag-empresa-dos-hospitais","tag-hospitais-universitarios","category-15","description-off"],"_links":{"self":[{"href":"https:\/\/www.adufpb.org.br\/site\/wp-json\/wp\/v2\/posts\/6062","targetHints":{"allow":["GET"]}}],"collection":[{"href":"https:\/\/www.adufpb.org.br\/site\/wp-json\/wp\/v2\/posts"}],"about":[{"href":"https:\/\/www.adufpb.org.br\/site\/wp-json\/wp\/v2\/types\/post"}],"author":[{"embeddable":true,"href":"https:\/\/www.adufpb.org.br\/site\/wp-json\/wp\/v2\/users\/3"}],"replies":[{"embeddable":true,"href":"https:\/\/www.adufpb.org.br\/site\/wp-json\/wp\/v2\/comments?post=6062"}],"version-history":[{"count":1,"href":"https:\/\/www.adufpb.org.br\/site\/wp-json\/wp\/v2\/posts\/6062\/revisions"}],"predecessor-version":[{"id":6063,"href":"https:\/\/www.adufpb.org.br\/site\/wp-json\/wp\/v2\/posts\/6062\/revisions\/6063"}],"wp:attachment":[{"href":"https:\/\/www.adufpb.org.br\/site\/wp-json\/wp\/v2\/media?parent=6062"}],"wp:term":[{"taxonomy":"category","embeddable":true,"href":"https:\/\/www.adufpb.org.br\/site\/wp-json\/wp\/v2\/categories?post=6062"},{"taxonomy":"post_tag","embeddable":true,"href":"https:\/\/www.adufpb.org.br\/site\/wp-json\/wp\/v2\/tags?post=6062"}],"curies":[{"name":"wp","href":"https:\/\/api.w.org\/{rel}","templated":true}]}}