{"id":606,"date":"2009-10-23T12:06:56","date_gmt":"2009-10-23T16:06:56","guid":{"rendered":"http:\/\/www.adufpb.org.br\/site\/?p=606"},"modified":"2009-10-30T09:38:21","modified_gmt":"2009-10-30T13:38:21","slug":"eventos-da-semana-dos-professores-sao-sucesso","status":"publish","type":"post","link":"https:\/\/www.adufpb.org.br\/site\/eventos-da-semana-dos-professores-sao-sucesso\/","title":{"rendered":"Comemora\u00e7\u00e3o do Dia dos Professores \u00e9 sucesso de p\u00fablico"},"content":{"rendered":"<p><a href=\"http:\/\/farm3.static.flickr.com\/2557\/4052124759_84947dc2d3_m.jpg\"><img loading=\"lazy\" decoding=\"async\" style=\"float: left;\" title=\"Festa do Dia do Professor\" src=\"http:\/\/farm3.static.flickr.com\/2557\/4052124759_84947dc2d3_m.jpg\" alt=\"Festa na Associa\u00e7\u00e3o da Caixa, em comemora\u00e7\u00e3o ao Dia do Professor\" width=\"240\" height=\"180\" \/><\/a>J\u00e1 est\u00e3o na galeria virtual de fotos da ADUFPB as imagens dos eventos comemorativos do Dia do Professor (15 de outubro) e do anivers\u00e1rio de 31 anos do Sindicato (25 de outubro). Para ver, basta acessar o endere\u00e7o http:\/\/www.flickr.com\/photos\/galeria-adufpb.<\/p>\n<p>A s\u00e9rie de atividades realizadas ao longo do m\u00eas de outubro foi um sucesso de participa\u00e7\u00e3o e p\u00fablico. No dia 16 aconteceu o primeiro evento: uma grande festa para os professores de UFPB na Associa\u00e7\u00e3o do Pessoal da Caixa Econ\u00f4mica Federal. A comemora\u00e7\u00e3o reuniu aproximadamente 600 professores, que puderam desfrutar de um ambiente confort\u00e1vel, com m\u00fasica e um jantar especial.<\/p>\n<p>Entre 19 e 21, foram realizadas tr\u00eas palestras para debater temas como qualidade de vida, sindicalismo no Brasil e Universidade e condi\u00e7\u00e3o docente. A primeira, sobre Qualidade de Vida e Envelhecimento, aconteceu na Sala de Leitura da ADUFPB e contou com a participa\u00e7\u00e3o da professora do Departamento de Fisioterapia, Maria Aparecida Bezerra Quirino.<\/p>\n<p>No dia 20 foi a vez do sindicalista Waldemar Rossi, membro fundador da Pastoral Oper\u00e1ria e da CUT, falar sobre os Desafios do Sindicalismo Brasileiro Hoje. O evento aconteceu no audit\u00f3rio da Reitoria. J\u00e1 na quarta-feira, dia 21, a diretora do CCHLA, Aparecida Ramos, falou sobre A Universidade Brasileira e a Condi\u00e7\u00e3o Docente, em palestra na Sala de Leitura da ADUFPB.<\/p>\n<p>J\u00e1 na sexta-feira, dia, foi realizado um torneio de Jogos de Sal\u00e3o (xadrez e dama), no Terra\u00e7o Silvio Frank Allem, na sede da ADUFPB, no Centro de Viv\u00eancias do Campus I.<\/p>\n<div style=\"width: 250px\" class=\"wp-caption alignleft\"><a href=\"http:\/\/farm3.static.flickr.com\/2647\/4037386646_c9e5afd36f_m.jpg\"><img loading=\"lazy\" decoding=\"async\" title=\"Palestra de Waldemar Rossi\" src=\"http:\/\/farm3.static.flickr.com\/2647\/4037386646_c9e5afd36f_m.jpg\" alt=\"Waldemar Rossi falou sobre o Sindicalismo no Brasil\" width=\"240\" height=\"180\" \/><\/a><p class=\"wp-caption-text\">Waldemar Rossi falou sobre o Sindicalismo no Brasil<\/p><\/div>\n<div style=\"width: 250px\" class=\"wp-caption alignleft\"><a href=\"http:\/\/farm3.static.flickr.com\/2738\/4036634253_c769c5543f_m.jpg\"><img loading=\"lazy\" decoding=\"async\" title=\"Aparecida Ramos\" src=\"http:\/\/farm3.static.flickr.com\/2738\/4036634253_c769c5543f_m.jpg\" alt=\"Aparecida Ramos, em palestra sobre a condi\u00e7\u00e3o docente\" width=\"240\" height=\"180\" \/><\/a><p class=\"wp-caption-text\">Aparecida Ramos (\u00e0 esquerda), em palestra sobre a condi\u00e7\u00e3o docente<\/p><\/div>\n<div style=\"width: 250px\" class=\"wp-caption alignnone\"><img loading=\"lazy\" decoding=\"async\" title=\"Maria Aparecida Bezerra Quirino\" src=\"http:\/\/farm3.static.flickr.com\/2461\/4036631525_8b4d029190_m.jpg\" alt=\"Professora Aparecida Bezerra falou sobre qualidade de vida\" width=\"240\" height=\"180\" \/><p class=\"wp-caption-text\">Professora Aparecida Bezerra falou sobre qualidade de vida<\/p><\/div>\n<p><strong>Dia das Crian\u00e7as<\/strong><\/p>\n<p>Como no m\u00eas de outubro tamb\u00e9m \u00e9 comemorado o Dia das Crian\u00e7as, a ADUFPB realizou no dia 22 uma festa para filhos e parentes dos associados. O evento contou com a apresenta\u00e7\u00e3o do coral infanto-juvenil \u201cS\u00e3o Francisco das Chagas\u201d, no Centro de Viv\u00eancia do Campus I da Universidade, e foi considerado um sucesso por todos os participantes.<\/p>\n<p>\u201cCoral S\u00e3o Francisco de Assis, do Projeto Educa-som \u2013 Associa\u00e7\u00e3o Deus Conosco, coordenado por Ant\u00f4nio de P\u00e1dua Alves Vieira e regido por Jean Carlos Fernandes Fidelis abrilhantaram a nossa Semana Cultural, nas festividades do Dia das Crian\u00e7as, com o magn\u00edfico programa que encantou a todos os presentes\u201d, declarou a diretora-geral da ADUFPB, professora Terezinha Diniz.<\/p>\n<p>Tamb\u00e9m houve a participa\u00e7\u00e3o de um jogral sobre os \u201cDireitos das Crian\u00e7as\u201d, apresentado por filhos de associados da ADUF. \u201cCongregar atividades que demonstrem as v\u00e1rias express\u00f5es art\u00edsticas, culturais e desportivas de nossa comunidade acad\u00eamica e social constituem, uma dos grandes objetivos da ADUFPB\u201d, salientou a professora Terezinha.<\/p>\n<div style=\"width: 250px\" class=\"wp-caption alignleft\"><a href=\"http:\/\/farm3.static.flickr.com\/2635\/4037394550_67ba45d40d_m.jpg\"><img loading=\"lazy\" decoding=\"async\" title=\"Coral infanto-juvenil S\u00e3o Francisco das Chagas\" src=\"http:\/\/farm3.static.flickr.com\/2635\/4037394550_67ba45d40d_m.jpg\" alt=\"Crian\u00e7as do S\u00e3o Francisco das Chagas se apresentam no Centro de Viv\u00eancia\" width=\"240\" height=\"180\" \/><\/a><p class=\"wp-caption-text\">Crian\u00e7as do S\u00e3o Francisco das Chagas se apresentam no Centro de Viv\u00eancia<\/p><\/div>\n<div style=\"width: 250px\" class=\"wp-caption alignleft\"><img loading=\"lazy\" decoding=\"async\" src=\"http:\/\/farm3.static.flickr.com\/2752\/4036637649_f5c108d27d_m.jpg\" alt=\"Leitura dos Direitos das Crian\u00e7as\" width=\"240\" height=\"180\" \/><p class=\"wp-caption-text\">Leitura dos Direitos das Crian\u00e7as                           <\/p><\/div>\n<p><strong>Caminhada re\u00fane 150 participantes<\/strong><\/p>\n<div style=\"width: 250px\" class=\"wp-caption alignleft\"><a href=\"http:\/\/farm3.static.flickr.com\/2444\/4052870084_91da0a4ff2_m.jpg\"><img loading=\"lazy\" decoding=\"async\" title=\"Grande Caminhada Ecocultural\" src=\"http:\/\/farm3.static.flickr.com\/2444\/4052870084_91da0a4ff2_m.jpg\" alt=\"Concetra\u00e7\u00e3o come\u00e7ou logo cedo, em frente \u00e0 sede da ADUFPB\" width=\"240\" height=\"154\" \/><\/a><p class=\"wp-caption-text\">Concetra\u00e7\u00e3o come\u00e7ou logo cedo, em frente \u00e0 sede da ADUFPB<\/p><\/div>\n<p><strong> <\/strong>Cerca de 150 professores, servidores e estudantes da UFPB participaram no s\u00e1bado, dia 24, de uma caminhada ecocultural no entorno do Campus I, em Jo\u00e3o Pessoa. A atividade fez parte do encerramento da 1\u00aa Semana do Professor, promovida pela ADUFPB, para celebrar a data comemorativa da categoria, 15 de outubro. O evento chamou a aten\u00e7\u00e3o dos moradores do bairro do Castelo Branco e dos motoristas que passavam em frente \u00e0 UFPB.<\/p>\n<p>A concentra\u00e7\u00e3o para a Grande Caminhada Ecocultural aconteceu logo cedo, \u00e0s 6h, em frente \u00e0 sede da ADUFPB, no Centro de Viv\u00eancia da Universidade Federal da Para\u00edba. Ao ritmo de m\u00fasicas dan\u00e7antes, os docentes e servidores da UFPB, orientados pela professora Sandra Barbosa e alunos do 2\u00ba per\u00edodo do curso de Educa\u00e7\u00e3o F\u00edsica, se aqueceram para os cinco quil\u00f4metros do percurso com a realiza\u00e7\u00e3o de uma grande ciranda que integrou em festa todos os participantes.<\/p>\n<p>Segundo o professor Givaldo Leal de Meneses, um dos organizadores da caminhada ecocultural, o evento foi um sucesso n\u00e3o s\u00f3 pelo n\u00famero de participantes como tamb\u00e9m pelo clima de integra\u00e7\u00e3o entre os professores, familiares, servidores da UFPB e alunos do curso de educa\u00e7\u00e3o f\u00edsica.<\/p>\n<p>\u201cEsta foi nossa primeira caminhada. O in\u00edcio de um projeto voltado para o bem estar da comunidade acad\u00eamica da UFPB. Como sindicato, a ADUFPB est\u00e1 cumprindo seu papel social e oferecendo oportunidades para que seus associados pratiquem esportes nos finais de semana. A caminhada \u00e9 uma delas. Apesar de ser num ambiente urbano, o entorno da UFPB \u00e9 cercado por resqu\u00edcios da Mata Atl\u00e2ntica e, muitas vezes, n\u00e3o damos muita aten\u00e7\u00e3o a esse privil\u00e9gio. Pretendemos fazer outras caminhadas at\u00e9 o final do ano\u201d, destacou a professora Marisa Pinheiro, diretora do sindicato e uma das coordenadoras do evento.<\/p>\n<div style=\"width: 250px\" class=\"wp-caption alignright\"><a href=\"http:\/\/farm3.static.flickr.com\/2731\/4052125919_d9dbffa55c_m.jpg\"><img loading=\"lazy\" decoding=\"async\" title=\"Grande Caminhada Ecocultural \" src=\"http:\/\/farm3.static.flickr.com\/2731\/4052125919_d9dbffa55c_m.jpg\" alt=\"Participantes percorreram o entorno do Campus I, em Jo\u00e3o Pessoa\" width=\"240\" height=\"166\" \/><\/a><p class=\"wp-caption-text\">Participantes percorreram o entorno do Campus I, em Jo\u00e3o Pessoa<\/p><\/div>\n<p>Para ser realizada com sucesso, a caminhada ecocultural teve o apoio log\u00edstico dos funcion\u00e1rios da ADUFPB, que providenciaram, durante todo o percurso, de \u00e1gua mineral para os andarilhos e, no final da caminhada, serviram um caf\u00e9 da manh\u00e3 a todos os participantes. A STTrans disponibilizou uma equipe de agentes de tr\u00e2nsito para coordenar o fluxo de carros durante toda a caminhada. A Grande Caminhada Ecocultural da ADUFPB teve o apoio da ASIP e empresas privadas, como a Creduni, que distribuiu camisetas e bon\u00e9s aos participantes.<\/p>\n<p><strong>Fonte: <\/strong>ADUFPB\/ASCOM<\/p>\n","protected":false},"excerpt":{"rendered":"<p>J\u00e1 est\u00e3o na galeria virtual de fotos da ADUFPB as imagens dos eventos comemorativos do Dia do Professor (15 de outubro) e do anivers\u00e1rio de 31 anos do Sindicato (25 de outubro).<\/p>\n","protected":false},"author":3,"featured_media":0,"comment_status":"open","ping_status":"open","sticky":false,"template":"","format":"standard","meta":{"footnotes":""},"categories":[15],"tags":[79,57,80],"class_list":["post-606","post","type-post","status-publish","format-standard","hentry","category-noticias","tag-dia-dos-professores","tag-eventos","tag-palestras","category-15","description-off"],"_links":{"self":[{"href":"https:\/\/www.adufpb.org.br\/site\/wp-json\/wp\/v2\/posts\/606","targetHints":{"allow":["GET"]}}],"collection":[{"href":"https:\/\/www.adufpb.org.br\/site\/wp-json\/wp\/v2\/posts"}],"about":[{"href":"https:\/\/www.adufpb.org.br\/site\/wp-json\/wp\/v2\/types\/post"}],"author":[{"embeddable":true,"href":"https:\/\/www.adufpb.org.br\/site\/wp-json\/wp\/v2\/users\/3"}],"replies":[{"embeddable":true,"href":"https:\/\/www.adufpb.org.br\/site\/wp-json\/wp\/v2\/comments?post=606"}],"version-history":[{"count":37,"href":"https:\/\/www.adufpb.org.br\/site\/wp-json\/wp\/v2\/posts\/606\/revisions"}],"predecessor-version":[{"id":608,"href":"https:\/\/www.adufpb.org.br\/site\/wp-json\/wp\/v2\/posts\/606\/revisions\/608"}],"wp:attachment":[{"href":"https:\/\/www.adufpb.org.br\/site\/wp-json\/wp\/v2\/media?parent=606"}],"wp:term":[{"taxonomy":"category","embeddable":true,"href":"https:\/\/www.adufpb.org.br\/site\/wp-json\/wp\/v2\/categories?post=606"},{"taxonomy":"post_tag","embeddable":true,"href":"https:\/\/www.adufpb.org.br\/site\/wp-json\/wp\/v2\/tags?post=606"}],"curies":[{"name":"wp","href":"https:\/\/api.w.org\/{rel}","templated":true}]}}