{"id":6015,"date":"2013-11-06T11:25:01","date_gmt":"2013-11-06T15:25:01","guid":{"rendered":"http:\/\/www.adufpb.org.br\/site\/?p=6015"},"modified":"2013-11-06T11:25:01","modified_gmt":"2013-11-06T15:25:01","slug":"campanha-pede-plebiscito-para-mudar-o-nome-da-capital-da-paraiba","status":"publish","type":"post","link":"https:\/\/www.adufpb.org.br\/site\/campanha-pede-plebiscito-para-mudar-o-nome-da-capital-da-paraiba\/","title":{"rendered":"Campanha pede plebiscito para mudar o nome da capital da Para\u00edba"},"content":{"rendered":"<p dir=\"ltr\">Foi lan\u00e7ada esta semana uma campanha que pretende recolher assinaturas para pedir \u00e0 Assembleia Legislativa do Estado a instala\u00e7\u00e3o de um plebiscito sobre o nome da cidade de Jo\u00e3o Pessoa. Para os interessados em assinar, a peti\u00e7\u00e3o est\u00e1 dispon\u00edvel na recep\u00e7\u00e3o da sede da ADUFPB, no Centro de Viv\u00eancia do campus I, em Jo\u00e3o Pessoa.<\/p>\n<p dir=\"ltr\">Segundo o professor Jos\u00e9 Fl\u00e1vio Silva, um dos organizadores da campanha, o objetivo \u00e9 entregar o documento aos deputados paraibanos no in\u00edcio dos trabalhos legislativos do pr\u00f3ximo ano. \u201cEssas assinaturas ser\u00e3o encaminhadas \u00e0 Assembleia, que \u00e9 o poder que pode determinar a data do plebiscito\u201d, explica.<\/p>\n<p dir=\"ltr\">Segundo ele, a proposta \u00e9 de que o plebiscito questione a popula\u00e7\u00e3o se ela aprova ou n\u00e3o mudan\u00e7a do nome da capital paraibana. O comit\u00ea respons\u00e1vel pela organiza\u00e7\u00e3o do abaixo assinado ganhou a designa\u00e7\u00e3o de Comit\u00ea Pr\u00f3 Plebiscito Nivalson Miranda, em homenagem ao professor aposentado da UFPB, Nivalson Miranda, morto em agosto deste ano, aos 86 anos. O grupo \u00e9 coordenado pelos professores Jos\u00e9 Fl\u00e1vio Silva e Carlos Cartaxo e pelo estudante Iuri Barros e conta com o apoio da ADUFPB.<\/p>\n<p dir=\"ltr\"><em>Fonte: Ascom ADUFPB<\/em><\/p>\n","protected":false},"excerpt":{"rendered":"<p>Foi lan\u00e7ada esta semana uma campanha que pretende recolher assinaturas para pedir \u00e0 Assembleia Legislativa do Estado a instala\u00e7\u00e3o de um plebiscito sobre o nome da cidade de Jo\u00e3o Pessoa. Para os interessados em assinar, a peti\u00e7\u00e3o est\u00e1 dispon\u00edvel na recep\u00e7\u00e3o da sede da ADUFPB, no Centro de Viv\u00eancia do campus I, em Jo\u00e3o Pessoa.&hellip;<\/p>\n","protected":false},"author":3,"featured_media":0,"comment_status":"open","ping_status":"open","sticky":false,"template":"","format":"standard","meta":{"footnotes":""},"categories":[15],"tags":[323],"class_list":["post-6015","post","type-post","status-publish","format-standard","hentry","category-noticias","tag-plebiscito","category-15","description-off"],"_links":{"self":[{"href":"https:\/\/www.adufpb.org.br\/site\/wp-json\/wp\/v2\/posts\/6015","targetHints":{"allow":["GET"]}}],"collection":[{"href":"https:\/\/www.adufpb.org.br\/site\/wp-json\/wp\/v2\/posts"}],"about":[{"href":"https:\/\/www.adufpb.org.br\/site\/wp-json\/wp\/v2\/types\/post"}],"author":[{"embeddable":true,"href":"https:\/\/www.adufpb.org.br\/site\/wp-json\/wp\/v2\/users\/3"}],"replies":[{"embeddable":true,"href":"https:\/\/www.adufpb.org.br\/site\/wp-json\/wp\/v2\/comments?post=6015"}],"version-history":[{"count":1,"href":"https:\/\/www.adufpb.org.br\/site\/wp-json\/wp\/v2\/posts\/6015\/revisions"}],"predecessor-version":[{"id":6017,"href":"https:\/\/www.adufpb.org.br\/site\/wp-json\/wp\/v2\/posts\/6015\/revisions\/6017"}],"wp:attachment":[{"href":"https:\/\/www.adufpb.org.br\/site\/wp-json\/wp\/v2\/media?parent=6015"}],"wp:term":[{"taxonomy":"category","embeddable":true,"href":"https:\/\/www.adufpb.org.br\/site\/wp-json\/wp\/v2\/categories?post=6015"},{"taxonomy":"post_tag","embeddable":true,"href":"https:\/\/www.adufpb.org.br\/site\/wp-json\/wp\/v2\/tags?post=6015"}],"curies":[{"name":"wp","href":"https:\/\/api.w.org\/{rel}","templated":true}]}}