{"id":6003,"date":"2013-11-04T18:01:21","date_gmt":"2013-11-04T22:01:21","guid":{"rendered":"http:\/\/www.adufpb.org.br\/site\/?p=6003"},"modified":"2013-11-06T11:29:39","modified_gmt":"2013-11-06T15:29:39","slug":"falta-de-professores-prejudica-escola-de-educacao-basica","status":"publish","type":"post","link":"https:\/\/www.adufpb.org.br\/site\/falta-de-professores-prejudica-escola-de-educacao-basica\/","title":{"rendered":"Falta de professores prejudica Escola de Educa\u00e7\u00e3o B\u00e1sica"},"content":{"rendered":"<p dir=\"ltr\"><a href=\"http:\/\/www.adufpb.org.br\/site\/wp-content\/uploads\/2012\/04\/creche-escola.jpg\"><img loading=\"lazy\" decoding=\"async\" class=\"alignleft size-full wp-image-2793\" title=\"Creche-escola\" src=\"http:\/\/www.adufpb.org.br\/site\/wp-content\/uploads\/2012\/04\/creche-escola.jpg\" alt=\"\" width=\"200\" height=\"150\" \/><\/a>A Escola de Educa\u00e7\u00e3o B\u00e1sica (EEBAS) da UFPB est\u00e1 remanejando parte da equipe para garantir a continuidade das aulas nas turmas do pr\u00e9 I, 1\u00ba ano e 4\u00ba ano. Os 38 alunos dessas tr\u00eas salas ficariam sem professor para concluir o semestre letivo porque encerrou no dia 30 de outubro o contrato tempor\u00e1rio dos docentes que estavam \u00e0 frente das turmas. Nesta segunda-feira (4\/11), em reuni\u00e3o com a coordena\u00e7\u00e3o da escola e com pais de alunos, a reitora Margareth Diniz confirmou que as aulas iriam ser retomadas a partir desta ter\u00e7a-feira (5\/11).<\/p>\n<p dir=\"ltr\">Em 2008, a antiga \u201ccreche-escola\u201d da UFPB tornou-se Escola de Ensino B\u00e1sico. H\u00e1 anos ela vem sofrendo com a redu\u00e7\u00e3o do quadro de pessoal por causa dos pedidos de aposentadoria e a falta de concurso p\u00fablico para compensar esses afastamentos. Os professores efetivos que hoje formam o quadro da Escola &#8211; e fazem parte da classe do Ensino B\u00e1sico, T\u00e9cnico e Tecnol\u00f3gico (EBTT) &#8211; s\u00e3o, na maioria, redistribu\u00eddos de outros estados e dos ex-territ\u00f3rios.<\/p>\n<p dir=\"ltr\">Uma das formas de suprir a necessidade de professores \u00e9 a contrata\u00e7\u00e3o tempor\u00e1ria. No caso dos tr\u00eas professores que precisaram se afastar na semana passada, n\u00e3o havia mais possibilidade de renova\u00e7\u00e3o do contrato.<\/p>\n<p dir=\"ltr\">Segundo a coordenadora da escola, Herb\u00eania de C\u00e1ssia Cruz Tavares, a solu\u00e7\u00e3o encontrada foi remanejar parte da equipe. \u201cA vice-coordenadora ir\u00e1 assumir a sala do pr\u00e9 I e a coordenadora pedag\u00f3gica ficar\u00e1 com a turma do 1\u00ba ano\u201d, explica. Quanto \u00e0 sala do 4\u00ba ano, a ideia \u00e9 remanejar uma das professoras das turmas com crian\u00e7as de 2 anos.<\/p>\n<p dir=\"ltr\">\u201cPara essa idade, temos duas professoras por turma, porque ainda h\u00e1 necessidades como dar banho e ensinar a usar o banheiro. Ent\u00e3o importante ter duas pessoas\u201d, explica Herb\u00eania Tavares. Com o remanejamento, a escola dever\u00e1 colocar um estagi\u00e1rio do Centro de Educa\u00e7\u00e3o para auxiliar a turma de onde sair\u00e1 a nova professora do 4\u00ba ano.<\/p>\n<p dir=\"ltr\">A coordenadora da EEBAS explica que as aulas precisaram ser suspensas quinta e sexta-feira (31 de outubro e 1\u00ba de novembro) para se definir os detalhes dessa mudan\u00e7a. \u201cTemos que resolver a quest\u00e3o de uma forma respons\u00e1vel. Precisamos fazer o convite, realizar um planejamento da mudan\u00e7a, repassar o conte\u00fado para as novas professoras. A coordenadora Pedag\u00f3gica precisou passar as quest\u00f5es administrativas para a coordenadora do Educa\u00e7\u00e3o Infantil. Tudo isso gra\u00e7as ao compromisso dos profissionais com a escola e para n\u00e3o prejudicar as crian\u00e7as nesse final de semestre\u201d.<\/p>\n<p dir=\"ltr\">A partir desta ter\u00e7a-feira, segundo ela, todas as atividades estar\u00e3o normalizadas. De acordo com Herb\u00eania Tavares, a escola j\u00e1 vinha discutindo o assunto h\u00e1 alguns meses. \u201cRealizamos reuni\u00e3o na reitoria e com o Centro de Educa\u00e7\u00e3o (ao qual a EEBAS \u00e9 vinculada)\u201d, explicou. A ADUFPB esteve \u00e0 frente de algumas dessas reuni\u00f5es e vem buscando solu\u00e7\u00e3o para os problemas que afetam a Escola de Educa\u00e7\u00e3o B\u00e1sica.<\/p>\n<p dir=\"ltr\">Com turmas de Ensino Infantil e Fundamental (do 1\u00ba ao 5\u00ba ano), a EEBAS atualmente possui 15 professores efetivos, atendendo a 167 crian\u00e7as, filhos de professores, servidores t\u00e9cnico-administrativo, alunos da UFPB e moradores das comunidades pr\u00f3ximas. Segundo Herb\u00eania Tavares, o ano letivo 2013 est\u00e1 programado para se encerrar no dia 18 de dezembro. As aulas devem ser retomadas no m\u00eas de fevereiro. \u201cA principal preocupa\u00e7\u00e3o hoje em dia \u00e9 compensar os pedidos de aposentadoria para evitar que a escola fique cada vez mais esvaziada\u201d, explica a coordenadora.<\/p>\n<p dir=\"ltr\">Outra quest\u00e3o que preocupa professores, funcion\u00e1rios e pais de aluno \u00e9 a inten\u00e7\u00e3o do Governo Federal de passar para as prefeituras o controle sobre as Escolas de Educa\u00e7\u00e3o B\u00e1sica das universidades federais do pa\u00eds. Segundo Herb\u00eania Tavares, esse risco j\u00e1 n\u00e3o existe mais. \u201cDiante da luta das unidades e das pr\u00f3prias reitorias, eles recuaram. Agora, cabe a cada universidade a decis\u00e3o de passar ou n\u00e3o o controle das escolas para os governos municipais\u201d, explica. De acordo com ela, a reitora Margareth Diniz j\u00e1 se comprometeu a manter a EEBAS sob o comando da da UFPB.<\/p>\n<p dir=\"ltr\">Entretanto, segundo o presidente da ADUFPB, Jaldes Reis de Meneses, o Minist\u00e9rio da Educa\u00e7\u00e3o n\u00e3o recuou. \u201cN\u00e3o \u00e9 bem assim. Na verdade, em fun\u00e7\u00e3o da autonomia, qualquer universidade pode manter uma Escola de Educa\u00e7\u00e3o B\u00e1sica. A verdadeira quest\u00e3o \u00e9 que ela pode ser asfixiada de cima para baixa em virtude de n\u00e3o haver pol\u00edtica nacional de fomento a Escolas B\u00e1sicas ou Col\u00e9gios de Aplica\u00e7\u00e3o na Universidades Federais\u201d, alerta.<\/p>\n<p><em>Fonte: Ascom ADUFPB<\/em><\/p>\n","protected":false},"excerpt":{"rendered":"<p>A Escola de Educa\u00e7\u00e3o B\u00e1sica (EEBAS) da UFPB est\u00e1 remanejando parte da equipe para garantir a continuidade das aulas nas turmas do pr\u00e9 I, 1\u00ba ano e 4\u00ba ano. Os 38 alunos dessas tr\u00eas salas ficariam sem professor para concluir o semestre letivo porque encerrou no dia 30 de outubro o contrato tempor\u00e1rio dos docentes&hellip;<\/p>\n","protected":false},"author":3,"featured_media":0,"comment_status":"open","ping_status":"open","sticky":false,"template":"","format":"standard","meta":{"footnotes":""},"categories":[15],"tags":[309,405],"class_list":["post-6003","post","type-post","status-publish","format-standard","hentry","category-noticias","tag-creche-escola","tag-eebas","category-15","description-off"],"_links":{"self":[{"href":"https:\/\/www.adufpb.org.br\/site\/wp-json\/wp\/v2\/posts\/6003","targetHints":{"allow":["GET"]}}],"collection":[{"href":"https:\/\/www.adufpb.org.br\/site\/wp-json\/wp\/v2\/posts"}],"about":[{"href":"https:\/\/www.adufpb.org.br\/site\/wp-json\/wp\/v2\/types\/post"}],"author":[{"embeddable":true,"href":"https:\/\/www.adufpb.org.br\/site\/wp-json\/wp\/v2\/users\/3"}],"replies":[{"embeddable":true,"href":"https:\/\/www.adufpb.org.br\/site\/wp-json\/wp\/v2\/comments?post=6003"}],"version-history":[{"count":3,"href":"https:\/\/www.adufpb.org.br\/site\/wp-json\/wp\/v2\/posts\/6003\/revisions"}],"predecessor-version":[{"id":6018,"href":"https:\/\/www.adufpb.org.br\/site\/wp-json\/wp\/v2\/posts\/6003\/revisions\/6018"}],"wp:attachment":[{"href":"https:\/\/www.adufpb.org.br\/site\/wp-json\/wp\/v2\/media?parent=6003"}],"wp:term":[{"taxonomy":"category","embeddable":true,"href":"https:\/\/www.adufpb.org.br\/site\/wp-json\/wp\/v2\/categories?post=6003"},{"taxonomy":"post_tag","embeddable":true,"href":"https:\/\/www.adufpb.org.br\/site\/wp-json\/wp\/v2\/tags?post=6003"}],"curies":[{"name":"wp","href":"https:\/\/api.w.org\/{rel}","templated":true}]}}