{"id":5919,"date":"2013-10-23T23:18:36","date_gmt":"2013-10-24T03:18:36","guid":{"rendered":"http:\/\/www.adufpb.org.br\/site\/?p=5919"},"modified":"2013-10-23T23:18:36","modified_gmt":"2013-10-24T03:18:36","slug":"18a-edicao-da-revista-conceitos-sera-lancada-no-sede-de-leitura","status":"publish","type":"post","link":"https:\/\/www.adufpb.org.br\/site\/18a-edicao-da-revista-conceitos-sera-lancada-no-sede-de-leitura\/","title":{"rendered":"18\u00aa edi\u00e7\u00e3o da Revista Conceitos ser\u00e1 lan\u00e7ada no Sede de Leitura"},"content":{"rendered":"<p dir=\"ltr\"><a href=\"http:\/\/www.adufpb.org.br\/site\/wp-content\/uploads\/2013\/10\/CARTAZ-SEDE-DE-LEITURA-FESTA.jpg\"><img loading=\"lazy\" decoding=\"async\" class=\"alignleft size-medium wp-image-5907\" title=\"CARTAZ SEDE DE LEITURA-FESTA\" src=\"http:\/\/www.adufpb.org.br\/site\/wp-content\/uploads\/2013\/10\/CARTAZ-SEDE-DE-LEITURA-FESTA-300x216.jpg\" alt=\"\" width=\"300\" height=\"216\" srcset=\"https:\/\/www.adufpb.org.br\/site\/wp-content\/uploads\/2013\/10\/CARTAZ-SEDE-DE-LEITURA-FESTA-300x216.jpg 300w, https:\/\/www.adufpb.org.br\/site\/wp-content\/uploads\/2013\/10\/CARTAZ-SEDE-DE-LEITURA-FESTA-1024x737.jpg 1024w\" sizes=\"auto, (max-width: 300px) 100vw, 300px\" \/><\/a>Onze artigos comp\u00f5em a 18\u00aa edi\u00e7\u00e3o da Revista Conceitos, que ser\u00e1 lan\u00e7ada na pr\u00f3xima sexta-feira (25\/10), durante o projeto Sede de Leitura. A publica\u00e7\u00e3o \u00e9 uma iniciativa da ADUFPB que tem como objetivo estimular a produ\u00e7\u00e3o acad\u00eamica dos professores sindicalizados. Nesta nova edi\u00e7\u00e3o, a Conceitos aborda temas diversos, como criminalidade e viol\u00eancia, pr\u00e1ticas educativas, precariza\u00e7\u00e3o do trabalho docente, ensino de jovens e adultos e educa\u00e7\u00e3o infantil.<\/p>\n<p dir=\"ltr\">O Sede de Leitura 2013 faz parte das atividades de comemora\u00e7\u00e3o do anivers\u00e1rio de 35 anos da ADUFPB. Ele ser\u00e1 realizado na pr\u00f3xima sexta-feira, \u00e0s 20h, na sede sociocultural do Sindicato, localizada na rua Gilvan Muribeca, 88, no bairro do Cabo Branco, ao lado do Jangada Clube.<\/p>\n<p dir=\"ltr\">Os artigos que integram a Revista Conceitos n\u00ba 18 come\u00e7aram a ser encaminhados na metade deste ano. Na medida em que chegavam, eram selecionados pela comiss\u00e3o editoral, que confirmava se haviam sido obedecidas as normas t\u00e9cnicas da publica\u00e7\u00e3o. Em seguida, o material era diagramado e revisado.<\/p>\n<p dir=\"ltr\">Confira abaixo os artigos selecionados para integrar a publica\u00e7\u00e3o:<\/p>\n<p><strong>Qualidade de vida, resili\u00eancia, hist\u00f3ria de trauma, transtorno do estresse p\u00f3s-traum\u00e1tico, impulsividade, religiosidade e suas rela\u00e7\u00f5es com transtornos mentais em professores universit\u00e1rios: uma revis\u00e3o da literatura<\/strong><br \/>\nRaimunda de F\u00e1tima Neves Co\u00ealho<br \/>\nLucas de Castro Quarantini<br \/>\nRita de C\u00e1ssia Lucena<\/p>\n<p><strong>Fundamentos da educa\u00e7\u00e3o e a pr\u00e1tica educativa: uma breve colet\u00e2nea reflexiva&#8230;<\/strong><br \/>\nAna Maria N\u00f3brega<br \/>\nMaria Tereza L. de Oliveira Chaves<\/p>\n<p><strong>A rela\u00e7\u00e3o te\u00f3rico-pr\u00e1tica na forma\u00e7\u00e3o docente em EJA<\/strong><br \/>\nGenilson Jos\u00e9 da Silva<br \/>\nMaria das Gra\u00e7as de Almeida Baptista<\/p>\n<p><strong>Considera\u00e7\u00f5es sobre o aparecimento do livro did\u00e1tico da educa\u00e7\u00e3o de jovens e adultos no Brasil<\/strong><br \/>\nErenildo Jo\u00e3o Carlos<br \/>\nDafiana do Socorro Soares Vicente<\/p>\n<p><strong>O axon\u00f4metro no ensino da Axonometria<\/strong><br \/>\nMarcos A. R. de Barros<\/p>\n<p><strong>Qualidade hospitalar: expectativa e percep\u00e7\u00e3o dos pacientes<\/strong><br \/>\nMaria Bernadete de Sousa Costa<br \/>\nJuraci Dias Albuquerque<br \/>\nPedro Eugenio L\u00f3pez Salazar<br \/>\nJozemar Pereira dos Santos<\/p>\n<p><strong>O l\u00fadico como atividade do pensar na educa\u00e7\u00e3o infantil<\/strong><br \/>\nT\u00e2nia Rodrigues Palhano<br \/>\nIria da Costa Silva<\/p>\n<p><strong>O papel da escolariza\u00e7\u00e3o no processo da cidadania<\/strong><br \/>\ndas pessoas com defici\u00eancias da cidade de Jo\u00e3o Pessoa &#8211; Para\u00edba<br \/>\nSandra Alves da Silva Santiago<br \/>\nMaria Tereza Lira de Oliveira Chaves<br \/>\nAna Maria N\u00f3brega<\/p>\n<p><strong>Decodificando as a\u00e7\u00f5es corporais na pr\u00e1tica docente<\/strong><br \/>\nDjavan Ant\u00e9rio<br \/>\nPierre Normando Gomes da Silva<\/p>\n<p><strong>Falas em preto e branco<\/strong><br \/>\nJos\u00e9 Maria Tavares de Andrade<\/p>\n<p><strong>Criminalidade e viol\u00eancia: A inser\u00e7\u00e3o da mulher no mundo do crime<\/strong><br \/>\nMarlene Helena de Oliveira Fran\u00e7a<\/p>\n<p dir=\"ltr\"><em>Fonte: Ascom ADUFPB<\/em><\/p>\n","protected":false},"excerpt":{"rendered":"<p>Onze artigos comp\u00f5em a 18\u00aa edi\u00e7\u00e3o da Revista Conceitos, que ser\u00e1 lan\u00e7ada na pr\u00f3xima sexta-feira (25\/10), durante o projeto Sede de Leitura. A publica\u00e7\u00e3o \u00e9 uma iniciativa da ADUFPB que tem como objetivo estimular a produ\u00e7\u00e3o acad\u00eamica dos professores sindicalizados. Nesta nova edi\u00e7\u00e3o, a Conceitos aborda temas diversos, como criminalidade e viol\u00eancia, pr\u00e1ticas educativas, precariza\u00e7\u00e3o&hellip;<\/p>\n","protected":false},"author":3,"featured_media":0,"comment_status":"open","ping_status":"open","sticky":false,"template":"","format":"standard","meta":{"footnotes":""},"categories":[15],"tags":[401,400,815,62,35],"class_list":["post-5919","post","type-post","status-publish","format-standard","hentry","category-noticias","tag-adufpb35-anos","tag-aniversario-da-adufpb","tag-conceitos","tag-revista-conceitos","tag-sede-de-leitura","category-15","description-off"],"_links":{"self":[{"href":"https:\/\/www.adufpb.org.br\/site\/wp-json\/wp\/v2\/posts\/5919","targetHints":{"allow":["GET"]}}],"collection":[{"href":"https:\/\/www.adufpb.org.br\/site\/wp-json\/wp\/v2\/posts"}],"about":[{"href":"https:\/\/www.adufpb.org.br\/site\/wp-json\/wp\/v2\/types\/post"}],"author":[{"embeddable":true,"href":"https:\/\/www.adufpb.org.br\/site\/wp-json\/wp\/v2\/users\/3"}],"replies":[{"embeddable":true,"href":"https:\/\/www.adufpb.org.br\/site\/wp-json\/wp\/v2\/comments?post=5919"}],"version-history":[{"count":1,"href":"https:\/\/www.adufpb.org.br\/site\/wp-json\/wp\/v2\/posts\/5919\/revisions"}],"predecessor-version":[{"id":5920,"href":"https:\/\/www.adufpb.org.br\/site\/wp-json\/wp\/v2\/posts\/5919\/revisions\/5920"}],"wp:attachment":[{"href":"https:\/\/www.adufpb.org.br\/site\/wp-json\/wp\/v2\/media?parent=5919"}],"wp:term":[{"taxonomy":"category","embeddable":true,"href":"https:\/\/www.adufpb.org.br\/site\/wp-json\/wp\/v2\/categories?post=5919"},{"taxonomy":"post_tag","embeddable":true,"href":"https:\/\/www.adufpb.org.br\/site\/wp-json\/wp\/v2\/tags?post=5919"}],"curies":[{"name":"wp","href":"https:\/\/api.w.org\/{rel}","templated":true}]}}