{"id":5898,"date":"2013-10-18T14:20:26","date_gmt":"2013-10-18T18:20:26","guid":{"rendered":"http:\/\/www.adufpb.org.br\/site\/?p=5898"},"modified":"2013-10-19T15:37:27","modified_gmt":"2013-10-19T19:37:27","slug":"concertos-marcam-aniversario-da-adufpb-na-proxima-semana","status":"publish","type":"post","link":"https:\/\/www.adufpb.org.br\/site\/concertos-marcam-aniversario-da-adufpb-na-proxima-semana\/","title":{"rendered":"Concertos marcam anivers\u00e1rio da ADUFPB na pr\u00f3xima semana"},"content":{"rendered":"<p dir=\"ltr\"><a href=\"http:\/\/www.adufpb.org.br\/site\/wp-content\/uploads\/2013\/10\/FOTO-PARA-CARTAZ.jpg\"><img loading=\"lazy\" decoding=\"async\" class=\"alignleft size-medium wp-image-5900\" title=\"FOTO PARA CARTAZ\" src=\"http:\/\/www.adufpb.org.br\/site\/wp-content\/uploads\/2013\/10\/FOTO-PARA-CARTAZ-300x200.jpg\" alt=\"\" width=\"300\" height=\"200\" srcset=\"https:\/\/www.adufpb.org.br\/site\/wp-content\/uploads\/2013\/10\/FOTO-PARA-CARTAZ-300x200.jpg 300w, https:\/\/www.adufpb.org.br\/site\/wp-content\/uploads\/2013\/10\/FOTO-PARA-CARTAZ.jpg 1000w\" sizes=\"auto, (max-width: 300px) 100vw, 300px\" \/><\/a>Dois concertos far\u00e3o parte da programa\u00e7\u00e3o do anivers\u00e1rio de 35 anos da ADUFPB na pr\u00f3xima semana. Ambos ocorrem em parceria com o Departamento de M\u00fasica (Demus) da UFPB, que tamb\u00e9m comemora neste m\u00eas o anivers\u00e1rio de 35 anos das disciplinas de instrumentos de metais. Os eventos ser\u00e3o realizados na Sala Radegundis Feitosa, no Demus, com entrada gratuita.<\/p>\n<p dir=\"ltr\">O primeiro concerto \u00e9 do Sexteto Brassil, um dos poucos conjuntos de metais brasileiros com repercuss\u00e3o internacional. A apresenta\u00e7\u00e3o intitulada \u201cM\u00fasica Brasileira para Quinteto de Metais e Percuss\u00e3o\u201d est\u00e1 marcada para quinta-feira, dia 24 de outubro, \u00e0s 20h.<\/p>\n<p dir=\"ltr\">J\u00e1 no s\u00e1bado (26\/10), ser\u00e1 a vez do Grupo de Metais Nordeste, que far\u00e1 concerto com a reg\u00eancia do maestro franc\u00eas G\u00e9rard Hostein, ex-professor do Departamento de M\u00fasica da UFPB e atual diretor do Conservat\u00f3rio de M\u00fasica e Arte Dram\u00e1tica da cidade de Antibes, na Fran\u00e7a. Ele est\u00e1 vindo \u00e0 Para\u00edba especialmente para uma s\u00e9rie de atividades na UFPB. A coordena\u00e7\u00e3o do evento ser\u00e1 de Gl\u00e1ucio Xavier da Fonseca e a apresenta\u00e7\u00e3o de Joana Hostein.<\/p>\n<p dir=\"ltr\">As atividades de G\u00e9rard Hostein em Jo\u00e3o Pessoa come\u00e7am no dia 23, quando ele apresenta uma \u201cMaster Class\u201d para alunos de instrumentos de metal (trompete, tromba, trombone e tuba) do Departamento de M\u00fasica. O hor\u00e1rio da aula ainda n\u00e3o foi definido, mas ser\u00e1 divulgado na semana do evento.<\/p>\n<p dir=\"ltr\">J\u00e1 nos dias 24, 25 e 26, G\u00e9rard Hostein ministrar\u00e1 aulas pela manh\u00e3 e participar\u00e1 de ensaios com o Grupo de Metais Nordeste. E nos dias 28 e 29, ser\u00e3o apresentadas mais duas \u201cMaster Classes\u201d.<\/p>\n<p><strong>Sexteto Brassil<\/strong><\/p>\n<p dir=\"ltr\"><a href=\"http:\/\/www.adufpb.org.br\/site\/wp-content\/uploads\/2013\/10\/CARTAZ-SEXTETO-BRASSIL-Out-2013.jpg\"><img loading=\"lazy\" decoding=\"async\" class=\"alignright size-medium wp-image-5899\" title=\"CARTAZ SEXTETO BRASSIL - Out 2013\" src=\"http:\/\/www.adufpb.org.br\/site\/wp-content\/uploads\/2013\/10\/CARTAZ-SEXTETO-BRASSIL-Out-2013-214x300.jpg\" alt=\"\" width=\"214\" height=\"300\" srcset=\"https:\/\/www.adufpb.org.br\/site\/wp-content\/uploads\/2013\/10\/CARTAZ-SEXTETO-BRASSIL-Out-2013-214x300.jpg 214w, https:\/\/www.adufpb.org.br\/site\/wp-content\/uploads\/2013\/10\/CARTAZ-SEXTETO-BRASSIL-Out-2013-731x1024.jpg 731w, https:\/\/www.adufpb.org.br\/site\/wp-content\/uploads\/2013\/10\/CARTAZ-SEXTETO-BRASSIL-Out-2013.jpg 1699w\" sizes=\"auto, (max-width: 214px) 100vw, 214px\" \/><\/a>O grupo Brassil (trocadilho do termo ingl\u00eas \u201cBrass\u201d, que significa instrumento de metal, com o nome Brasil) est\u00e1 radicado na UFPB desde 1980. Grande inspira\u00e7\u00e3o para os jovens instrumentistas nacionais, o grupo desenvolve um trabalho intenso de educa\u00e7\u00e3o musical, participando dos principais festivais de m\u00fasica instrumental do pa\u00eds em cidades como Curitiba, Bel\u00e9m, Bras\u00edlia, Fortaleza, Londrina, Campos do Jord\u00e3o, Recife, S\u00e3o Paulo e Belo Horizonte.<\/p>\n<p dir=\"ltr\">Crescendo sem esquecer suas ra\u00edzes, o grupo tem contribu\u00eddo na forma\u00e7\u00e3o musical das Bandas de M\u00fasica de diversas cidades do interior brasileiro, fornecendo assim oportunidade de realiza\u00e7\u00e3o profissional e de ascens\u00e3o social a diversos m\u00fasicos de baixa renda. Desta integra\u00e7\u00e3o do universo acad\u00eamico e das \u201cFilarm\u00f4nicas\u201d do interior brasileiro ap\u00f3ia-se o repert\u00f3rio do Brassil, resultado de pesquisa pioneira da m\u00fasica brasileira para metais, compilando, editando e interpretando m\u00fasica folcl\u00f3rica, popular, erudita e obras originais contempor\u00e2neas.<\/p>\n<p dir=\"ltr\">O Brassil realizou concertos em todas as regi\u00f5es, nas principais capitais brasileiras e para cidades do exterior como Dijon (Fran\u00e7a), Boston, Nova York, Washington (EUA), Londres e Monmouth (Inglaterra), Montevid\u00e9u (Uruguai). O grupo tem tamb\u00e9m realizado diversas grava\u00e7\u00f5es para programas de emissoras de r\u00e1dio de destaque como a BBC de Londres e a WBGH de Boston.<\/p>\n<p><strong>G\u00e9rard Hostein<\/strong><\/p>\n<p dir=\"ltr\"><a href=\"http:\/\/www.adufpb.org.br\/site\/wp-content\/uploads\/2013\/10\/CARTAZ-CONCERTO-GRUPO-DE-METAIS-NE.jpg\"><img loading=\"lazy\" decoding=\"async\" class=\"alignleft size-medium wp-image-5902\" title=\"CARTAZ CONCERTO GRUPO DE METAIS NE\" src=\"http:\/\/www.adufpb.org.br\/site\/wp-content\/uploads\/2013\/10\/CARTAZ-CONCERTO-GRUPO-DE-METAIS-NE-300x213.jpg\" alt=\"\" width=\"300\" height=\"213\" srcset=\"https:\/\/www.adufpb.org.br\/site\/wp-content\/uploads\/2013\/10\/CARTAZ-CONCERTO-GRUPO-DE-METAIS-NE-300x213.jpg 300w, https:\/\/www.adufpb.org.br\/site\/wp-content\/uploads\/2013\/10\/CARTAZ-CONCERTO-GRUPO-DE-METAIS-NE-1024x727.jpg 1024w\" sizes=\"auto, (max-width: 300px) 100vw, 300px\" \/><\/a>Professor da UFPB na d\u00e9cada de 80, o maestro G\u00e9rard Hostein estudou no Conservat\u00f3rio Nacional Superior de M\u00fasica, de Paris, em 1976. Participou da Orquestra Filarm\u00f4nica de Estrasburgo e da Banda Principal das Tropas Mar\u00edtimas Francesas. Em 1978 veio para o Brasil para integrar a Orquestra Sinf\u00f4nica de Minas Gerais. No ano seguinte, formou, em Belo Horizonte, com outros quatro m\u00fasicos da Orquestra, o Quinteto Brassil.<\/p>\n<p>Veio para a Para\u00edba em 1980, quando foi convidado pela UFPB para ser professor de trompete, e pelo Governo do Estado para ser Primeiro Trompetista da Orquestra Sinf\u00f4nica da Para\u00edba. Em 1983, de retorno \u00e0 Fran\u00e7a, \u00e9 recebido como trompetista solo da Orquestra Filarm\u00f4nica da \u00d3pera de Nice, cargo que ocupou durante 15 anos.<\/p>\n<p><em>Fonte: Ascom ADUFPB<\/em><\/p>\n","protected":false},"excerpt":{"rendered":"<p>Dois concertos far\u00e3o parte da programa\u00e7\u00e3o do anivers\u00e1rio de 35 anos da ADUFPB na pr\u00f3xima semana. Ambos ocorrem em parceria com o Departamento de M\u00fasica (Demus) da UFPB, que tamb\u00e9m comemora neste m\u00eas o anivers\u00e1rio de 35 anos das disciplinas de instrumentos de metais. Os eventos ser\u00e3o realizados na Sala Radegundis Feitosa, no Demus, com&hellip;<\/p>\n","protected":false},"author":3,"featured_media":0,"comment_status":"open","ping_status":"open","sticky":false,"template":"","format":"standard","meta":{"footnotes":""},"categories":[15],"tags":[396,72,399,397,57,398,81],"class_list":["post-5898","post","type-post","status-publish","format-standard","hentry","category-noticias","tag-adufpb-35-anos","tag-aniversario","tag-brassil","tag-concerto","tag-eventos","tag-metais","tag-musica","category-15","description-off"],"_links":{"self":[{"href":"https:\/\/www.adufpb.org.br\/site\/wp-json\/wp\/v2\/posts\/5898","targetHints":{"allow":["GET"]}}],"collection":[{"href":"https:\/\/www.adufpb.org.br\/site\/wp-json\/wp\/v2\/posts"}],"about":[{"href":"https:\/\/www.adufpb.org.br\/site\/wp-json\/wp\/v2\/types\/post"}],"author":[{"embeddable":true,"href":"https:\/\/www.adufpb.org.br\/site\/wp-json\/wp\/v2\/users\/3"}],"replies":[{"embeddable":true,"href":"https:\/\/www.adufpb.org.br\/site\/wp-json\/wp\/v2\/comments?post=5898"}],"version-history":[{"count":3,"href":"https:\/\/www.adufpb.org.br\/site\/wp-json\/wp\/v2\/posts\/5898\/revisions"}],"predecessor-version":[{"id":5904,"href":"https:\/\/www.adufpb.org.br\/site\/wp-json\/wp\/v2\/posts\/5898\/revisions\/5904"}],"wp:attachment":[{"href":"https:\/\/www.adufpb.org.br\/site\/wp-json\/wp\/v2\/media?parent=5898"}],"wp:term":[{"taxonomy":"category","embeddable":true,"href":"https:\/\/www.adufpb.org.br\/site\/wp-json\/wp\/v2\/categories?post=5898"},{"taxonomy":"post_tag","embeddable":true,"href":"https:\/\/www.adufpb.org.br\/site\/wp-json\/wp\/v2\/tags?post=5898"}],"curies":[{"name":"wp","href":"https:\/\/api.w.org\/{rel}","templated":true}]}}