{"id":5894,"date":"2013-10-18T11:24:56","date_gmt":"2013-10-18T15:24:56","guid":{"rendered":"http:\/\/www.adufpb.org.br\/site\/?p=5894"},"modified":"2013-10-18T11:24:56","modified_gmt":"2013-10-18T15:24:56","slug":"andes-sn-convoca-33o-congresso-da-entidade-para-fevereiro-do-proximo-ano","status":"publish","type":"post","link":"https:\/\/www.adufpb.org.br\/site\/andes-sn-convoca-33o-congresso-da-entidade-para-fevereiro-do-proximo-ano\/","title":{"rendered":"ANDES-SN convoca 33\u00ba Congresso da entidade para fevereiro do pr\u00f3ximo ano"},"content":{"rendered":"<p>O 33\u00ba Congresso do ANDES-SN foi convocado, nesta semana, pela diretoria da entidade para o per\u00edodo de 10 a 15 de fevereiro de 2014. O encontro acontece na cidade de S\u00e3o Lu\u00eds (MA), sob organiza\u00e7\u00e3o da Associa\u00e7\u00e3o dos Professores da Universidade Federal do Maranh\u00e3o (Apruma), conforme delibera\u00e7\u00e3o do 32\u00ba Congresso, realizado neste ano, no Rio de Janeiro.<\/p>\n<p>Inst\u00e2ncia m\u00e1xima de delibera\u00e7\u00e3o da categoria, o evento ter\u00e1 como tema central: ANDES-SN na defesa dos direitos dos trabalhadores: organiza\u00e7\u00e3o docente e integra\u00e7\u00e3o nas lutas sociais.<\/p>\n<p><strong>Caderno de Textos<\/strong><\/p>\n<p>As contribui\u00e7\u00f5es das Se\u00e7\u00f5es Sindicais e dos sindicalizados para compor o Caderno de Texto que pautar\u00e1 os debates e delibera\u00e7\u00f5es do Congresso devem ser enviadas, por e-mail, ao Sindicato Nacional at\u00e9 o dia 18 de novembro. Os materiais que chegarem \u00e0 sede do ANDES-SN ap\u00f3s esta data, e at\u00e9 27 de janeiro de 2014, tamb\u00e9m ser\u00e3o remetidas \u00e0s Se\u00e7\u00f5es Sindicais, juntamente com as corre\u00e7\u00f5es e an\u00e1lises de textos, para integrarem o anexo ao Caderno de Textos, que ser\u00e1 publicado no dia 30 de janeiro.<\/p>\n<p><strong>Credenciamento pr\u00e9vio<\/strong><\/p>\n<p>Para facilitar o processo de inscri\u00e7\u00f5es, os delegados e observadores ao 33\u00ba Congresso poder\u00e3o realizar o credenciamento pr\u00e9vio, enviando a documenta\u00e7\u00e3o regimental, a partir do dia 3 de dezembro.<\/p>\n<p>Confira aqui a Circular n\u00ba 215\/2013 com mais informa\u00e7\u00f5es sobre o Caderno de Textos e o credenciamento no 33\u00ba Congresso do ANDES-SN.<\/p>\n<p><em>Fonte: ANDES-SN<\/em><\/p>\n","protected":false},"excerpt":{"rendered":"<p>O 33\u00ba Congresso do ANDES-SN foi convocado, nesta semana, pela diretoria da entidade para o per\u00edodo de 10 a 15 de fevereiro de 2014. O encontro acontece na cidade de S\u00e3o Lu\u00eds (MA), sob organiza\u00e7\u00e3o da Associa\u00e7\u00e3o dos Professores da Universidade Federal do Maranh\u00e3o (Apruma), conforme delibera\u00e7\u00e3o do 32\u00ba Congresso, realizado neste ano, no Rio&hellip;<\/p>\n","protected":false},"author":3,"featured_media":0,"comment_status":"open","ping_status":"open","sticky":false,"template":"","format":"standard","meta":{"footnotes":""},"categories":[15],"tags":[],"class_list":["post-5894","post","type-post","status-publish","format-standard","hentry","category-noticias","category-15","description-off"],"_links":{"self":[{"href":"https:\/\/www.adufpb.org.br\/site\/wp-json\/wp\/v2\/posts\/5894","targetHints":{"allow":["GET"]}}],"collection":[{"href":"https:\/\/www.adufpb.org.br\/site\/wp-json\/wp\/v2\/posts"}],"about":[{"href":"https:\/\/www.adufpb.org.br\/site\/wp-json\/wp\/v2\/types\/post"}],"author":[{"embeddable":true,"href":"https:\/\/www.adufpb.org.br\/site\/wp-json\/wp\/v2\/users\/3"}],"replies":[{"embeddable":true,"href":"https:\/\/www.adufpb.org.br\/site\/wp-json\/wp\/v2\/comments?post=5894"}],"version-history":[{"count":1,"href":"https:\/\/www.adufpb.org.br\/site\/wp-json\/wp\/v2\/posts\/5894\/revisions"}],"predecessor-version":[{"id":5895,"href":"https:\/\/www.adufpb.org.br\/site\/wp-json\/wp\/v2\/posts\/5894\/revisions\/5895"}],"wp:attachment":[{"href":"https:\/\/www.adufpb.org.br\/site\/wp-json\/wp\/v2\/media?parent=5894"}],"wp:term":[{"taxonomy":"category","embeddable":true,"href":"https:\/\/www.adufpb.org.br\/site\/wp-json\/wp\/v2\/categories?post=5894"},{"taxonomy":"post_tag","embeddable":true,"href":"https:\/\/www.adufpb.org.br\/site\/wp-json\/wp\/v2\/tags?post=5894"}],"curies":[{"name":"wp","href":"https:\/\/api.w.org\/{rel}","templated":true}]}}