{"id":5884,"date":"2013-10-15T11:15:45","date_gmt":"2013-10-15T15:15:45","guid":{"rendered":"http:\/\/www.adufpb.org.br\/site\/?p=5884"},"modified":"2013-10-15T11:25:56","modified_gmt":"2013-10-15T15:25:56","slug":"correio-da-paraiba-professores-cobram-valorizacao","status":"publish","type":"post","link":"https:\/\/www.adufpb.org.br\/site\/correio-da-paraiba-professores-cobram-valorizacao\/","title":{"rendered":"CORREIO DA PARA\u00cdBA &#8211; Professores cobram valoriza\u00e7\u00e3o"},"content":{"rendered":"<p>O jornal Correio da Para\u00edba repercutiu o lan\u00e7amento da campanha pela valoriza\u00e7\u00e3o dos trabalhadores em educa\u00e7\u00e3o, realizado ontem, na ADUFPB.<\/p>\n<p>Para ler a mat\u00e9ria completa, basta clicar nas imagens abaixo.<\/p>\n<p><a href=\"http:\/\/www.adufpb.org.br\/site\/wp-content\/uploads\/2013\/10\/CORREIO-DA-PARAIBA_12_10_2013-1.jpg\"><img loading=\"lazy\" decoding=\"async\" class=\"alignleft size-medium wp-image-5885\" title=\"CORREIO DA PARAIBA_12_10_2013 (1)\" src=\"http:\/\/www.adufpb.org.br\/site\/wp-content\/uploads\/2013\/10\/CORREIO-DA-PARAIBA_12_10_2013-1-300x199.jpg\" alt=\"\" width=\"300\" height=\"199\" srcset=\"https:\/\/www.adufpb.org.br\/site\/wp-content\/uploads\/2013\/10\/CORREIO-DA-PARAIBA_12_10_2013-1-300x199.jpg 300w, https:\/\/www.adufpb.org.br\/site\/wp-content\/uploads\/2013\/10\/CORREIO-DA-PARAIBA_12_10_2013-1-1024x679.jpg 1024w\" sizes=\"auto, (max-width: 300px) 100vw, 300px\" \/><\/a><\/p>\n<p>&nbsp;<\/p>\n<p>&nbsp;<\/p>\n<p>&nbsp;<\/p>\n<p>&nbsp;<\/p>\n<p>&nbsp;<\/p>\n<p>&nbsp;<\/p>\n<p>&nbsp;<\/p>\n<p><a href=\"http:\/\/www.adufpb.org.br\/site\/wp-content\/uploads\/2013\/10\/CORREIO-DA-PARAIBA_12_10_2013-3.jpg\"><img loading=\"lazy\" decoding=\"async\" class=\"alignleft size-medium wp-image-5887\" title=\"CORREIO DA PARAIBA_12_10_2013 (3)\" src=\"http:\/\/www.adufpb.org.br\/site\/wp-content\/uploads\/2013\/10\/CORREIO-DA-PARAIBA_12_10_2013-3-300x266.jpg\" alt=\"\" width=\"300\" height=\"266\" srcset=\"https:\/\/www.adufpb.org.br\/site\/wp-content\/uploads\/2013\/10\/CORREIO-DA-PARAIBA_12_10_2013-3-300x266.jpg 300w, https:\/\/www.adufpb.org.br\/site\/wp-content\/uploads\/2013\/10\/CORREIO-DA-PARAIBA_12_10_2013-3-1024x908.jpg 1024w\" sizes=\"auto, (max-width: 300px) 100vw, 300px\" \/><\/a><\/p>\n<p>&nbsp;<\/p>\n<p>&nbsp;<\/p>\n<p>&nbsp;<\/p>\n<p>&nbsp;<\/p>\n<p>&nbsp;<\/p>\n<p>&nbsp;<\/p>\n<p>&nbsp;<\/p>\n<p>&nbsp;<\/p>\n<p>&nbsp;<\/p>\n<p><a href=\"http:\/\/www.adufpb.org.br\/site\/wp-content\/uploads\/2013\/10\/CORREIO-DA-PARAIBA_12_10_2013-2-1.jpg\"><img loading=\"lazy\" decoding=\"async\" class=\"alignleft size-medium wp-image-5886\" title=\"CORREIO DA PARAIBA_12_10_2013 (2) (1)\" src=\"http:\/\/www.adufpb.org.br\/site\/wp-content\/uploads\/2013\/10\/CORREIO-DA-PARAIBA_12_10_2013-2-1-192x300.jpg\" alt=\"\" width=\"192\" height=\"300\" srcset=\"https:\/\/www.adufpb.org.br\/site\/wp-content\/uploads\/2013\/10\/CORREIO-DA-PARAIBA_12_10_2013-2-1-192x300.jpg 192w, https:\/\/www.adufpb.org.br\/site\/wp-content\/uploads\/2013\/10\/CORREIO-DA-PARAIBA_12_10_2013-2-1-656x1024.jpg 656w\" sizes=\"auto, (max-width: 192px) 100vw, 192px\" \/><\/a><\/p>\n","protected":false},"excerpt":{"rendered":"<p>O jornal Correio da Para\u00edba repercutiu o lan\u00e7amento da campanha pela valoriza\u00e7\u00e3o dos trabalhadores em educa\u00e7\u00e3o, realizado ontem, na ADUFPB. Para ler a mat\u00e9ria completa, basta clicar nas imagens abaixo. &nbsp; &nbsp; &nbsp; &nbsp; &nbsp; &nbsp; &nbsp; &nbsp; &nbsp; &nbsp; &nbsp; &nbsp; &nbsp; &nbsp; &nbsp; &nbsp;<\/p>\n","protected":false},"author":3,"featured_media":0,"comment_status":"open","ping_status":"open","sticky":false,"template":"","format":"standard","meta":{"footnotes":""},"categories":[15],"tags":[395],"class_list":["post-5884","post","type-post","status-publish","format-standard","hentry","category-noticias","tag-campanha-valorizacao-dos-trabalhadores","category-15","description-off"],"_links":{"self":[{"href":"https:\/\/www.adufpb.org.br\/site\/wp-json\/wp\/v2\/posts\/5884","targetHints":{"allow":["GET"]}}],"collection":[{"href":"https:\/\/www.adufpb.org.br\/site\/wp-json\/wp\/v2\/posts"}],"about":[{"href":"https:\/\/www.adufpb.org.br\/site\/wp-json\/wp\/v2\/types\/post"}],"author":[{"embeddable":true,"href":"https:\/\/www.adufpb.org.br\/site\/wp-json\/wp\/v2\/users\/3"}],"replies":[{"embeddable":true,"href":"https:\/\/www.adufpb.org.br\/site\/wp-json\/wp\/v2\/comments?post=5884"}],"version-history":[{"count":3,"href":"https:\/\/www.adufpb.org.br\/site\/wp-json\/wp\/v2\/posts\/5884\/revisions"}],"predecessor-version":[{"id":5891,"href":"https:\/\/www.adufpb.org.br\/site\/wp-json\/wp\/v2\/posts\/5884\/revisions\/5891"}],"wp:attachment":[{"href":"https:\/\/www.adufpb.org.br\/site\/wp-json\/wp\/v2\/media?parent=5884"}],"wp:term":[{"taxonomy":"category","embeddable":true,"href":"https:\/\/www.adufpb.org.br\/site\/wp-json\/wp\/v2\/categories?post=5884"},{"taxonomy":"post_tag","embeddable":true,"href":"https:\/\/www.adufpb.org.br\/site\/wp-json\/wp\/v2\/tags?post=5884"}],"curies":[{"name":"wp","href":"https:\/\/api.w.org\/{rel}","templated":true}]}}