{"id":5865,"date":"2013-10-15T09:10:00","date_gmt":"2013-10-15T13:10:00","guid":{"rendered":"http:\/\/www.adufpb.org.br\/site\/?p=5865"},"modified":"2013-10-15T09:20:32","modified_gmt":"2013-10-15T13:20:32","slug":"trabalhadora-em-educacao-exige-valorizacao-e-respeito","status":"publish","type":"post","link":"https:\/\/www.adufpb.org.br\/site\/trabalhadora-em-educacao-exige-valorizacao-e-respeito\/","title":{"rendered":"TRABALHADOR\/A EM EDUCA\u00c7\u00c3O EXIGE VALORIZA\u00c7\u00c3O E RESPEITO!!!"},"content":{"rendered":"<p>Os\/as trabalhadores\/as em educa\u00e7\u00e3o da Para\u00edba e do Brasil vivem um momento extremamente delicado, n\u00e3o apenas no que diz respeito \u00e0 sua remunera\u00e7\u00e3o &#8211; que representa um abuso da elite pol\u00edtica desse pa\u00eds -, como tamb\u00e9m \u00e0 sua valoriza\u00e7\u00e3o enquanto profissionais de uma \u00e1rea que, via de regra, \u00e9 considerada FUNDAMENTAL e PRIORIT\u00c1RIA para o futuro de qualquer na\u00e7\u00e3o que deseje, concretamente, se tornar desenvolvida.<\/p>\n<p>Chegamos \u00e0 segunda d\u00e9cada do s\u00e9culo XXI e o Brasil mant\u00e9m uma das maiores taxas de analfabetismo do mundo. O Pa\u00eds investe pouco mais de 5% do PIB no setor e aprova a aplica\u00e7\u00e3o de 10% desse recurso apenas para 2023, tratando isso como um \u201cavan\u00e7o\u201d na pol\u00edtica educacional. Escolas p\u00fablicas est\u00e3o seriamente comprometidas na sua estrutura f\u00edsica, sem dispor de bibliotecas, laborat\u00f3rios, refeit\u00f3rios para os\/as alunos\/as, al\u00e9m de quadras esportivas na maioria das unidades. Sem falar na total inseguran\u00e7a que reina nas escolas, comprometendo professores\/as, alunos\/as e funcion\u00e1rios\/as, sem que os governos tomem uma provid\u00eancia em rela\u00e7\u00e3o a isso.<\/p>\n<p>Hoje, para completar esse quadro dantesco da situa\u00e7\u00e3o da rede p\u00fablica, h\u00e1 toda uma pol\u00edtica desenvolvida pelos gestores de promo\u00e7\u00e3o da meritocracia, dividindo nossa categoria em busca de migalhas que n\u00e3o garantem, efetivamente, nenhum aumento na qualidade do ensino. Tal pol\u00edtica serve t\u00e3o somente para passar uma imagem \u00e0 sociedade de que isso resolve os problemas enfrentados pelos\/as professores\/as no cotidiano da sala de aula. Em vez desses gestores investirem em forma\u00e7\u00e3o continuada e est\u00edmulo ao aperfei\u00e7oamento da categoria, com cursos de p\u00f3s-gradua\u00e7\u00e3o e\/ou aperfei\u00e7oamento dos profissionais de educa\u00e7\u00e3o, preferem a pol\u00edtica da meritocracia, como forma de \u201cganhar pontos\u201d com a sociedade, sem esclarecer contudo que tal a\u00e7\u00e3o prejudica ainda mais a qualidade do ensino.<\/p>\n<p>Al\u00e9m disso, prefeitos, governadores e o governo federal \u00a0implementam uma pol\u00edtica de ataque aos Planos de Carreira de nossa categoria em todo o pa\u00eds, numa demonstra\u00e7\u00e3o clara de acabar com v\u00e1rias conquistas obtidas pela luta desses profissionais.<\/p>\n<p>Neste quadro de incertezas pelo qual passa a fun\u00e7\u00e3o docente em nosso pa\u00eds, vimos por meio desta nota PARABENIZAR todos\/as os\/as professores\/as da Para\u00edba e do Brasil pela passagem do seu dia, neste 15 de outubro de 2013. Esta \u00e9 uma data de luta, na qual devemos comemorar a resist\u00eancia desses\/as profissionais que continuam, na sala de aula, a construir uma consci\u00eancia cr\u00edtica nos cora\u00e7\u00f5es e mentes dessa juventude, cada vez mais cr\u00edtica e mais participativa na luta por seus direitos. Apesar de todas as dificuldades enfrentadas por todos n\u00f3s, professores e professoras, continuamos a desempenhar nosso papel, na certeza de estarmos contribuindo para a constru\u00e7\u00e3o de uma sociedade justa, igualit\u00e1ria, sem preconceitos, socialista.<\/p>\n<p><strong>ENTIDADES QUE PARTICIPAM DA LUTA:<\/strong><br \/>\nADUFPB &#8211; ADUFCG &#8211; ADUEPB &#8211; APLP &#8211; SINTEF-PB &#8211; SINTEP-PB &#8211; SINTESPB &#8211; SINFESA &#8211; SINTRAMB<\/p>\n<p>&nbsp;<\/p>\n<p><strong>Pe\u00e7as da campanha de valoriza\u00e7\u00e3o dos trabalhadores e trabalhadoras em educa\u00e7\u00e3o\u00a0divulgadas neste dia 15\/10 pelas entidades que participam da grande luta pela valoriza\u00e7\u00e3o da categoria.\u00a0<\/strong><\/p>\n<div><span style=\"color: #ff0000;\"><a href=\"http:\/\/www.adufpb.org.br\/site\/wp-content\/uploads\/2013\/10\/anuncio.jpg\"><img loading=\"lazy\" decoding=\"async\" class=\"alignnone size-full wp-image-5866\" title=\"An\u00fancio\" src=\"http:\/\/www.adufpb.org.br\/site\/wp-content\/uploads\/2013\/10\/anuncio.jpg\" alt=\"\" width=\"540\" height=\"952\" srcset=\"https:\/\/www.adufpb.org.br\/site\/wp-content\/uploads\/2013\/10\/anuncio.jpg 578w, https:\/\/www.adufpb.org.br\/site\/wp-content\/uploads\/2013\/10\/anuncio-170x300.jpg 170w\" sizes=\"auto, (max-width: 540px) 100vw, 540px\" \/><\/a><\/span><\/div>\n<div><\/div>\n<div><img loading=\"lazy\" decoding=\"async\" class=\"alignnone size-full wp-image-5870\" title=\"Pe\u00e7 10 DO PIB J\u00c1\" src=\"http:\/\/www.adufpb.org.br\/site\/wp-content\/uploads\/2013\/10\/peca_10-DO-PIB-J\u00c1.jpg\" alt=\"\" width=\"540\" height=\"275\" srcset=\"https:\/\/www.adufpb.org.br\/site\/wp-content\/uploads\/2013\/10\/peca_10-DO-PIB-J\u00c1.jpg 540w, https:\/\/www.adufpb.org.br\/site\/wp-content\/uploads\/2013\/10\/peca_10-DO-PIB-J\u00c1-300x152.jpg 300w\" sizes=\"auto, (max-width: 540px) 100vw, 540px\" \/><\/div>\n<div><\/div>\n<div><img loading=\"lazy\" decoding=\"async\" class=\"alignnone size-full wp-image-5871\" title=\"Pe\u00e7a LEI DO PISO\" src=\"http:\/\/www.adufpb.org.br\/site\/wp-content\/uploads\/2013\/10\/peca_LEI-DO-PISO.jpg\" alt=\"\" width=\"540\" height=\"275\" srcset=\"https:\/\/www.adufpb.org.br\/site\/wp-content\/uploads\/2013\/10\/peca_LEI-DO-PISO.jpg 540w, https:\/\/www.adufpb.org.br\/site\/wp-content\/uploads\/2013\/10\/peca_LEI-DO-PISO-300x152.jpg 300w\" sizes=\"auto, (max-width: 540px) 100vw, 540px\" \/><\/div>\n<div><\/div>\n<div><img loading=\"lazy\" decoding=\"async\" class=\"alignnone size-full wp-image-5872\" title=\"Pe\u00e7a PRECARIZA\u00c7\u00c3O DO TRABALHO\" src=\"http:\/\/www.adufpb.org.br\/site\/wp-content\/uploads\/2013\/10\/peca_PRECARIZA\u00c7\u00c3O-DO-TRABALHO.jpg\" alt=\"\" width=\"540\" height=\"275\" srcset=\"https:\/\/www.adufpb.org.br\/site\/wp-content\/uploads\/2013\/10\/peca_PRECARIZA\u00c7\u00c3O-DO-TRABALHO.jpg 540w, https:\/\/www.adufpb.org.br\/site\/wp-content\/uploads\/2013\/10\/peca_PRECARIZA\u00c7\u00c3O-DO-TRABALHO-300x152.jpg 300w\" sizes=\"auto, (max-width: 540px) 100vw, 540px\" \/><\/div>\n","protected":false},"excerpt":{"rendered":"<p>Os\/as trabalhadores\/as em educa\u00e7\u00e3o da Para\u00edba e do Brasil vivem um momento extremamente delicado, n\u00e3o apenas no que diz respeito \u00e0 sua remunera\u00e7\u00e3o &#8211; que representa um abuso da elite pol\u00edtica desse pa\u00eds -, como tamb\u00e9m \u00e0 sua valoriza\u00e7\u00e3o enquanto profissionais de uma \u00e1rea que, via de regra, \u00e9 considerada FUNDAMENTAL e PRIORIT\u00c1RIA para o&hellip;<\/p>\n","protected":false},"author":1,"featured_media":0,"comment_status":"open","ping_status":"open","sticky":false,"template":"","format":"standard","meta":{"footnotes":""},"categories":[15],"tags":[],"class_list":["post-5865","post","type-post","status-publish","format-standard","hentry","category-noticias","category-15","description-off"],"_links":{"self":[{"href":"https:\/\/www.adufpb.org.br\/site\/wp-json\/wp\/v2\/posts\/5865","targetHints":{"allow":["GET"]}}],"collection":[{"href":"https:\/\/www.adufpb.org.br\/site\/wp-json\/wp\/v2\/posts"}],"about":[{"href":"https:\/\/www.adufpb.org.br\/site\/wp-json\/wp\/v2\/types\/post"}],"author":[{"embeddable":true,"href":"https:\/\/www.adufpb.org.br\/site\/wp-json\/wp\/v2\/users\/1"}],"replies":[{"embeddable":true,"href":"https:\/\/www.adufpb.org.br\/site\/wp-json\/wp\/v2\/comments?post=5865"}],"version-history":[{"count":8,"href":"https:\/\/www.adufpb.org.br\/site\/wp-json\/wp\/v2\/posts\/5865\/revisions"}],"predecessor-version":[{"id":5879,"href":"https:\/\/www.adufpb.org.br\/site\/wp-json\/wp\/v2\/posts\/5865\/revisions\/5879"}],"wp:attachment":[{"href":"https:\/\/www.adufpb.org.br\/site\/wp-json\/wp\/v2\/media?parent=5865"}],"wp:term":[{"taxonomy":"category","embeddable":true,"href":"https:\/\/www.adufpb.org.br\/site\/wp-json\/wp\/v2\/categories?post=5865"},{"taxonomy":"post_tag","embeddable":true,"href":"https:\/\/www.adufpb.org.br\/site\/wp-json\/wp\/v2\/tags?post=5865"}],"curies":[{"name":"wp","href":"https:\/\/api.w.org\/{rel}","templated":true}]}}