{"id":5821,"date":"2013-10-04T12:31:19","date_gmt":"2013-10-04T16:31:19","guid":{"rendered":"http:\/\/www.adufpb.org.br\/site\/?p=5821"},"modified":"2013-10-04T12:57:25","modified_gmt":"2013-10-04T16:57:25","slug":"aposentado-que-teve-vencimento-retido-precisa-se-recadastrar-ate-segunda-feira","status":"publish","type":"post","link":"https:\/\/www.adufpb.org.br\/site\/aposentado-que-teve-vencimento-retido-precisa-se-recadastrar-ate-segunda-feira\/","title":{"rendered":"Aposentado que teve benef\u00edcio retido precisa se recadastrar at\u00e9 segunda-feira"},"content":{"rendered":"<p>Os quase 300 aposentados vinculados \u00e0 Universidade Federal da Para\u00edba (UFPB) que tiveram o provento de setembro retido no in\u00edcio deste m\u00eas precisam realizar o recadastramento banc\u00e1rio at\u00e9 a pr\u00f3xima segunda-feira (7\/10) para receber o dinheiro por meio de uma folha complementar. O atendimento est\u00e1 sendo feito na Pr\u00f3-Reitoria de Gest\u00e3o de Pessoas (Progep), localizada no pr\u00e9dio da Reitoria, no campus I, em Jo\u00e3o Pessoa.<\/p>\n<p>A informa\u00e7\u00e3o \u00e9 do professor Marcelo Sitcovsky, tesoureiro da ADUFPB. Ele se reuniu no final da manh\u00e3 desta sexta-feira (4\/10) com o pr\u00f3-reitor de Gest\u00e3o de Pessoas da UFPB, Francisco Ramalho, para negociar uma forma de pagar aos aposentados. Segundo Ramalho, o Minist\u00e9rio do Planejamento, Or\u00e7amento e Gest\u00e3o encaminhou pela manh\u00e3 um documento liberando o pagamento, por meio de uma folha complementar, daqueles que fizerem o recadastramento at\u00e9 a pr\u00f3xima segunda-feira.<\/p>\n<p>Em todo o Brasil, o governo federal suspendeu, no in\u00edcio deste m\u00eas, o vencimento de 8,3 mil servidores aposentados e benefici\u00e1rios de pens\u00e3o. Apenas na UFPB, foram quase 300, entre professores e servidores t\u00e9cnico-administrativos. Eles deixaram de comparecer \u00e0 rede banc\u00e1ria entre mar\u00e7o e junho para fazer o recadastramento anual, apesar dos avisos feitos nos contracheques e encaminhados pelos Correios.<\/p>\n<p>De acordo com o professor Marcelo Sitcovsky, muitos aposentados n\u00e3o chegaram a receber a correspond\u00eancia porque o endere\u00e7o que consta no banco de dados do governo pode estar desatualizado.<\/p>\n<p>Assim que foi informada da suspens\u00e3o dos benef\u00edcios, a Diretoria Executiva da ADUFPB come\u00e7ou a entrar em contato com os aposentados para informar o que estava acontecendo e orientar que fizessem o recadastramento. Por regra, o procedimento \u00e9 realizado diretamente no banco em que o benefici\u00e1rio recebe o provento (Banco do Brasil ou Caixa Econ\u00f4mica). Entretanto, at\u00e9 o fim da greve dos banc\u00e1rios, o recadastramento ser\u00e1 feito pela Progep, na reitoria.<\/p>\n<p>Segundo o professor Marcelo Sitcovsky, a ADUFPB e o Grupo de Trabalho de Seguridade Social e Assunto de Aposentadoria (GTSSA) est\u00e3o, agora, realizando um mutir\u00e3o para telefonar para os cerca de 900 aposentados filiados ao sindicato avisando da import\u00e2ncia de comparecer ao recadastramento (sempre feito no m\u00eas do anivers\u00e1rio do aposentado) a fim de evitar futuras suspens\u00f5es.<\/p>\n<p dir=\"ltr\"><em>Fonte: Ascom ADUFPB<\/em><\/p>\n","protected":false},"excerpt":{"rendered":"<p>Os quase 300 aposentados vinculados \u00e0 Universidade Federal da Para\u00edba (UFPB) que tiveram o provento de setembro retido no in\u00edcio deste m\u00eas precisam realizar o recadastramento banc\u00e1rio at\u00e9 a pr\u00f3xima segunda-feira (7\/10) para receber o dinheiro por meio de uma folha complementar. O atendimento est\u00e1 sendo feito na Pr\u00f3-Reitoria de Gest\u00e3o de Pessoas (Progep), localizada&hellip;<\/p>\n","protected":false},"author":3,"featured_media":0,"comment_status":"open","ping_status":"open","sticky":false,"template":"","format":"standard","meta":{"footnotes":""},"categories":[15],"tags":[63,318],"class_list":["post-5821","post","type-post","status-publish","format-standard","hentry","category-noticias","tag-aposentados","tag-gt-aposentadoria","category-15","description-off"],"_links":{"self":[{"href":"https:\/\/www.adufpb.org.br\/site\/wp-json\/wp\/v2\/posts\/5821","targetHints":{"allow":["GET"]}}],"collection":[{"href":"https:\/\/www.adufpb.org.br\/site\/wp-json\/wp\/v2\/posts"}],"about":[{"href":"https:\/\/www.adufpb.org.br\/site\/wp-json\/wp\/v2\/types\/post"}],"author":[{"embeddable":true,"href":"https:\/\/www.adufpb.org.br\/site\/wp-json\/wp\/v2\/users\/3"}],"replies":[{"embeddable":true,"href":"https:\/\/www.adufpb.org.br\/site\/wp-json\/wp\/v2\/comments?post=5821"}],"version-history":[{"count":4,"href":"https:\/\/www.adufpb.org.br\/site\/wp-json\/wp\/v2\/posts\/5821\/revisions"}],"predecessor-version":[{"id":5825,"href":"https:\/\/www.adufpb.org.br\/site\/wp-json\/wp\/v2\/posts\/5821\/revisions\/5825"}],"wp:attachment":[{"href":"https:\/\/www.adufpb.org.br\/site\/wp-json\/wp\/v2\/media?parent=5821"}],"wp:term":[{"taxonomy":"category","embeddable":true,"href":"https:\/\/www.adufpb.org.br\/site\/wp-json\/wp\/v2\/categories?post=5821"},{"taxonomy":"post_tag","embeddable":true,"href":"https:\/\/www.adufpb.org.br\/site\/wp-json\/wp\/v2\/tags?post=5821"}],"curies":[{"name":"wp","href":"https:\/\/api.w.org\/{rel}","templated":true}]}}