{"id":5772,"date":"2013-09-19T15:05:14","date_gmt":"2013-09-19T19:05:14","guid":{"rendered":"http:\/\/www.adufpb.org.br\/site\/?p=5772"},"modified":"2013-09-19T15:07:02","modified_gmt":"2013-09-19T19:07:02","slug":"inscricoes-para-o-concurso-fotografico-se-encerram-nesta-sexta-feira","status":"publish","type":"post","link":"https:\/\/www.adufpb.org.br\/site\/inscricoes-para-o-concurso-fotografico-se-encerram-nesta-sexta-feira\/","title":{"rendered":"Inscri\u00e7\u00f5es para o concurso fotogr\u00e1fico se encerram nesta sexta-feira"},"content":{"rendered":"<p><a href=\"http:\/\/www.adufpb.org.br\/site\/wp-content\/uploads\/2013\/09\/\u00faltimo-dia-para-inscri\u00e7\u00e3o.jpg\"><img loading=\"lazy\" decoding=\"async\" class=\"alignleft size-medium wp-image-5773\" title=\"\u00faltimo dia para inscri\u00e7\u00e3o\" src=\"http:\/\/www.adufpb.org.br\/site\/wp-content\/uploads\/2013\/09\/\u00faltimo-dia-para-inscri\u00e7\u00e3o-178x300.jpg\" alt=\"\" width=\"178\" height=\"300\" srcset=\"https:\/\/www.adufpb.org.br\/site\/wp-content\/uploads\/2013\/09\/\u00faltimo-dia-para-inscri\u00e7\u00e3o-178x300.jpg 178w, https:\/\/www.adufpb.org.br\/site\/wp-content\/uploads\/2013\/09\/\u00faltimo-dia-para-inscri\u00e7\u00e3o-608x1024.jpg 608w, https:\/\/www.adufpb.org.br\/site\/wp-content\/uploads\/2013\/09\/\u00faltimo-dia-para-inscri\u00e7\u00e3o.jpg 886w\" sizes=\"auto, (max-width: 178px) 100vw, 178px\" \/><\/a>Termina nesta sexta-feira (20\/9) o prazo de inscri\u00e7\u00e3o para participar do 2\u00ba Concurso Cultural de Fotografia da ADUFPB. Os interessados t\u00eam at\u00e9 as 23h59 para enviar suas imagens ao e-mail concursofotografico.adufpb@gmail.com e concorrer a pr\u00eamios, como uma m\u00e1quina fotogr\u00e1fica, uma impressora multifuncional com sistema wireless e um HD externo.<\/p>\n<p>Intitulado \u201cUm Brasil de m\u00faltiplas cores\u201d, o concurso \u00e9 mais uma das atividades culturais e art\u00edsticas promovidas pelo sindicato e, ao mesmo tempo, busca valorizar a talento dos docentes com a publica\u00e7\u00e3o das imagens na Agenda da ADUFPB 2014 e em um calend\u00e1rio de mesa exclusivo e personalizado, produtos editorias que o sindicato distribui gratuitamente \u00e0 categoria e t\u00eam sido bastante prestigiados nos \u00faltimos anos.<\/p>\n<p>As imagens inscritas no concurso ser\u00e3o selecionadas para fazer parte do projeto gr\u00e1fico visual da Agenda da ADUFPB 2014 e do calend\u00e1rio de mesa, que ser\u00e3o distribu\u00eddos gratuitamente para mais de dois mil docentes da UFPB. As fotos ser\u00e3o apreciadas por uma comiss\u00e3o editorial que escolher\u00e1 cerca de 50 imagens para compor as publica\u00e7\u00f5es de 2014, e, dentre essas, tr\u00eas ser\u00e3o premiadas de acordo com os crit\u00e9rios de sele\u00e7\u00e3o adotados pela comiss\u00e3o organizadora do concurso.<\/p>\n<p>Para se inscrever, os docentes devem seguir rigorosamente o edital do\u00a0concurso\u00a0e enviar at\u00e9 tr\u00eas fotografias para o e-mail\u00a0<a href=\"mailto:concursofotografico.adufpb@gmail.com\" target=\"_blank\">concursofotografico.<wbr>adufpb@gmail.com<\/wbr><\/a>, junto\u00a0com a ficha de inscri\u00e7\u00e3o. O\u00a0<a href=\"http:\/\/www.adufpb.org.br\/site\/wp-content\/uploads\/2013\/08\/REGULAMENTO-Concurso-Fotografico-2013-Prorrogacao.pdf\" target=\"_blank\">edital<\/a>\u00a0e a<a href=\"http:\/\/www.adufpb.org.br\/site\/wp-content\/uploads\/2013\/08\/FICHA-DE-INSCRI%C3%87%C3%83O-DO-CONCURSO-DE-FOTOGRAFIA-EDI%C3%87AO-2013-3.doc\" target=\"_blank\">\u00a0ficha de inscri\u00e7\u00e3o<\/a>\u00a0se encontram no site da ADUFPB.<\/p>\n<p><em>Fonte: Ascom ADUFPB<\/em><\/p>\n","protected":false},"excerpt":{"rendered":"<p>Termina nesta sexta-feira (20\/9) o prazo de inscri\u00e7\u00e3o para participar do 2\u00ba Concurso Cultural de Fotografia da ADUFPB. Os interessados t\u00eam at\u00e9 as 23h59 para enviar suas imagens ao e-mail concursofotografico.adufpb@gmail.com e concorrer a pr\u00eamios, como uma m\u00e1quina fotogr\u00e1fica, uma impressora multifuncional com sistema wireless e um HD externo. Intitulado \u201cUm Brasil de m\u00faltiplas cores\u201d,&hellip;<\/p>\n","protected":false},"author":3,"featured_media":0,"comment_status":"open","ping_status":"open","sticky":false,"template":"","format":"standard","meta":{"footnotes":""},"categories":[15],"tags":[196,251,237],"class_list":["post-5772","post","type-post","status-publish","format-standard","hentry","category-noticias","tag-concurso","tag-concurso-de-fotografia","tag-concurso-fotografico","category-15","description-off"],"_links":{"self":[{"href":"https:\/\/www.adufpb.org.br\/site\/wp-json\/wp\/v2\/posts\/5772","targetHints":{"allow":["GET"]}}],"collection":[{"href":"https:\/\/www.adufpb.org.br\/site\/wp-json\/wp\/v2\/posts"}],"about":[{"href":"https:\/\/www.adufpb.org.br\/site\/wp-json\/wp\/v2\/types\/post"}],"author":[{"embeddable":true,"href":"https:\/\/www.adufpb.org.br\/site\/wp-json\/wp\/v2\/users\/3"}],"replies":[{"embeddable":true,"href":"https:\/\/www.adufpb.org.br\/site\/wp-json\/wp\/v2\/comments?post=5772"}],"version-history":[{"count":2,"href":"https:\/\/www.adufpb.org.br\/site\/wp-json\/wp\/v2\/posts\/5772\/revisions"}],"predecessor-version":[{"id":5775,"href":"https:\/\/www.adufpb.org.br\/site\/wp-json\/wp\/v2\/posts\/5772\/revisions\/5775"}],"wp:attachment":[{"href":"https:\/\/www.adufpb.org.br\/site\/wp-json\/wp\/v2\/media?parent=5772"}],"wp:term":[{"taxonomy":"category","embeddable":true,"href":"https:\/\/www.adufpb.org.br\/site\/wp-json\/wp\/v2\/categories?post=5772"},{"taxonomy":"post_tag","embeddable":true,"href":"https:\/\/www.adufpb.org.br\/site\/wp-json\/wp\/v2\/tags?post=5772"}],"curies":[{"name":"wp","href":"https:\/\/api.w.org\/{rel}","templated":true}]}}