{"id":5757,"date":"2013-09-18T09:06:29","date_gmt":"2013-09-18T13:06:29","guid":{"rendered":"http:\/\/www.adufpb.org.br\/site\/?p=5757"},"modified":"2013-09-18T09:06:29","modified_gmt":"2013-09-18T13:06:29","slug":"v-encontro-sobre-saude-do-trabalhador-debate-produtivismo-e-adoecimento-docente","status":"publish","type":"post","link":"https:\/\/www.adufpb.org.br\/site\/v-encontro-sobre-saude-do-trabalhador-debate-produtivismo-e-adoecimento-docente\/","title":{"rendered":"V Encontro sobre Sa\u00fade do Trabalhador debate produtivismo e adoecimento docente"},"content":{"rendered":"<p>Os motivos que motivam ou determinam o adoecimento docente, entre eles a press\u00e3o do chamado produtivismo intelectual, e as formas de combat\u00ea-lo ser\u00e3o debatidos no V Encontro do ANDES-SN sobre Sa\u00fade do Trabalhador, que acontece entre os dias 27 e 29 de setembro, na Universidade Federal de Fortaleza (CE).<br \/>\n<span><br \/>\nDurante os tr\u00eas dias de encontro, os participantes ir\u00e3o discutir temas como as pol\u00edticas institucionais produtivistas, o combate \u00e0 precariza\u00e7\u00e3o das condi\u00e7\u00f5es de trabalho, a insalubridade e a periculosidade, a privatiza\u00e7\u00e3o do espa\u00e7o p\u00fablico, as consequ\u00eancias da Empresa Brasileira de Servi\u00e7os Hospitalares e a retirada de direitos dos servidores na aposentadoria com o fundo de pens\u00e3o Funpresp.<\/p>\n<p>De acordo com Maria Suely Soares, diretora do ANDES-SN e da coordena\u00e7\u00e3o do Grupo de Trabalho Seguridade Social e Assuntos de Aposentadoria (GTSS\/A), o produto do debate ser\u00e1 socializado para toda a categoria, para ampliar a conscientiza\u00e7\u00e3o dos docentes acerca da tem\u00e1tica. \u201cOs frutos dessas discuss\u00f5es tamb\u00e9m servir\u00e3o para ajudar a as a\u00e7\u00f5es que ser\u00e3o discutidas e deliberadas no 33\u00ba Congresso, referentes ao combate ao adoecimento docente e a precariza\u00e7\u00e3o das nossas condi\u00e7\u00f5es de trabalho\u201d, comenta.<\/p>\n<p>Maria Suely ressalta import\u00e2ncia da participa\u00e7\u00e3o dos professores no encontro para fortalecer a luta em defesa da sa\u00fade do trabalhador docente. \u201cQuanto mais a gente tiver consci\u00eancia de que problema n\u00e3o \u00e9 individual e que s\u00f3 vamos conseguir combate-lo se o enfrentarmos coletivamente, mais chance teremos de resgatar a ess\u00eancia do fazer acad\u00eamico, que envolve ter tempo para pensar, refletir e respeitar a cad\u00eancia necess\u00e1ria para o desenvolvimento do saber, fun\u00e7\u00e3o essencial da Universidade\u201d, destaca.<\/span><\/p>\n<p><em>Fonte: Andes-SN<\/em><\/p>\n","protected":false},"excerpt":{"rendered":"<p>Os motivos que motivam ou determinam o adoecimento docente, entre eles a press\u00e3o do chamado produtivismo intelectual, e as formas de combat\u00ea-lo ser\u00e3o debatidos no V Encontro do ANDES-SN sobre Sa\u00fade do Trabalhador, que acontece entre os dias 27 e 29 de setembro, na Universidade Federal de Fortaleza (CE). Durante os tr\u00eas dias de encontro,&hellip;<\/p>\n","protected":false},"author":3,"featured_media":0,"comment_status":"open","ping_status":"open","sticky":false,"template":"","format":"standard","meta":{"footnotes":""},"categories":[15],"tags":[],"class_list":["post-5757","post","type-post","status-publish","format-standard","hentry","category-noticias","category-15","description-off"],"_links":{"self":[{"href":"https:\/\/www.adufpb.org.br\/site\/wp-json\/wp\/v2\/posts\/5757","targetHints":{"allow":["GET"]}}],"collection":[{"href":"https:\/\/www.adufpb.org.br\/site\/wp-json\/wp\/v2\/posts"}],"about":[{"href":"https:\/\/www.adufpb.org.br\/site\/wp-json\/wp\/v2\/types\/post"}],"author":[{"embeddable":true,"href":"https:\/\/www.adufpb.org.br\/site\/wp-json\/wp\/v2\/users\/3"}],"replies":[{"embeddable":true,"href":"https:\/\/www.adufpb.org.br\/site\/wp-json\/wp\/v2\/comments?post=5757"}],"version-history":[{"count":1,"href":"https:\/\/www.adufpb.org.br\/site\/wp-json\/wp\/v2\/posts\/5757\/revisions"}],"predecessor-version":[{"id":5758,"href":"https:\/\/www.adufpb.org.br\/site\/wp-json\/wp\/v2\/posts\/5757\/revisions\/5758"}],"wp:attachment":[{"href":"https:\/\/www.adufpb.org.br\/site\/wp-json\/wp\/v2\/media?parent=5757"}],"wp:term":[{"taxonomy":"category","embeddable":true,"href":"https:\/\/www.adufpb.org.br\/site\/wp-json\/wp\/v2\/categories?post=5757"},{"taxonomy":"post_tag","embeddable":true,"href":"https:\/\/www.adufpb.org.br\/site\/wp-json\/wp\/v2\/tags?post=5757"}],"curies":[{"name":"wp","href":"https:\/\/api.w.org\/{rel}","templated":true}]}}