{"id":5712,"date":"2013-09-03T08:21:54","date_gmt":"2013-09-03T12:21:54","guid":{"rendered":"http:\/\/www.adufpb.org.br\/site\/?p=5712"},"modified":"2013-09-03T08:23:28","modified_gmt":"2013-09-03T12:23:28","slug":"adufpb-em-dia-aborda-mobilizacao-defasagem-salarial-e-gt-aposentadoria","status":"publish","type":"post","link":"https:\/\/www.adufpb.org.br\/site\/adufpb-em-dia-aborda-mobilizacao-defasagem-salarial-e-gt-aposentadoria\/","title":{"rendered":"ADUFPB em Dia aborda mobiliza\u00e7\u00e3o, defasagem salarial e GT Aposentadoria"},"content":{"rendered":"<p dir=\"ltr\">Nesta semana, o programa ADUFPB em Dia, veiculado todas as segundas-feiras dentro do Jornal Estadual da R\u00e1dio Tabajara, abordou a participa\u00e7\u00e3o do Sindicato dos Professores no Dia Nacional de Paralisa\u00e7\u00f5es (realizado na \u00faltima sexta-feira, 30 de agosto). Tratou tamb\u00e9m da pesquisa do Dieese que constata defasagem nos sal\u00e1rios dos docentes mesmo ap\u00f3s o \u00faltimo reajuste do Governo Federal e a atua\u00e7\u00e3o do Grupo de Trabalho de Seguridade Social e Assunto de Aposentadoria.<\/p>\n<p dir=\"ltr\">Sobre o Dia Nacional de Paralisa\u00e7\u00f5es, o presidente da ADUFPB, Jaldes Reis de Meneses, destacou a import\u00e2ncia da mobiliza\u00e7\u00e3o para for\u00e7ar o legislativo a atender as demandas dos trabalhadores. Uma das principais bandeiras do movimento \u00e9 a destina\u00e7\u00e3o de 10% do PIB (Produto Interno Bruto) para o setor da educa\u00e7\u00e3o.<\/p>\n<p dir=\"ltr\">&#8220;N\u00f3s sabemos, j\u00e1 por experiencia hist\u00f3rica, que o Congresso brasileiro s\u00f3 funciona movido a press\u00e3o. Isso \u00e9 o combust\u00edvel do Congresso. Ent\u00e3o certamente a ADUF e os sindicatos v\u00e3o colocar muita gasolina nessa luta dos 10% do PIB para educa\u00e7\u00e3o e ocuparemos as galerias do Congresso Nacional, vamos pressionar deputados e senadores aqui na Para\u00edba, vamos fazer interlocu\u00e7\u00f5es e debates com a sociedade&#8221;, declarou Jaldes Meneses.<\/p>\n<p dir=\"ltr\">O ADUFPB em Dia \u00e9 um programa de 10 minutos que faz parte da programa\u00e7\u00e3o do Jornal Estadual da R\u00e1dio Tabajara. Ele estreiou no dia 4 de julho deste ano e vai ao ar sempre \u00e0s segundas-feiras, das 6h \u00e0s 7h, tanto na frequ\u00eancia FM (105,5) quanto na AM (1.110). O objetivo \u00e9 oferecer mais um ve\u00edculo de informa\u00e7\u00e3o para os professores e uma fonte de pauta para toda a imprensa paraibana.<\/p>\n<p dir=\"ltr\"><em>Fonte: Ascom ADUFPB<\/em><\/p>\n","protected":false},"excerpt":{"rendered":"<p>Nesta semana, o programa ADUFPB em Dia, veiculado todas as segundas-feiras dentro do Jornal Estadual da R\u00e1dio Tabajara, abordou a participa\u00e7\u00e3o do Sindicato dos Professores no Dia Nacional de Paralisa\u00e7\u00f5es (realizado na \u00faltima sexta-feira, 30 de agosto). Tratou tamb\u00e9m da pesquisa do Dieese que constata defasagem nos sal\u00e1rios dos docentes mesmo ap\u00f3s o \u00faltimo reajuste&hellip;<\/p>\n","protected":false},"author":3,"featured_media":0,"comment_status":"open","ping_status":"open","sticky":false,"template":"","format":"standard","meta":{"footnotes":""},"categories":[15],"tags":[378],"class_list":["post-5712","post","type-post","status-publish","format-standard","hentry","category-noticias","tag-adufpb-em-dia-2","category-15","description-off"],"_links":{"self":[{"href":"https:\/\/www.adufpb.org.br\/site\/wp-json\/wp\/v2\/posts\/5712","targetHints":{"allow":["GET"]}}],"collection":[{"href":"https:\/\/www.adufpb.org.br\/site\/wp-json\/wp\/v2\/posts"}],"about":[{"href":"https:\/\/www.adufpb.org.br\/site\/wp-json\/wp\/v2\/types\/post"}],"author":[{"embeddable":true,"href":"https:\/\/www.adufpb.org.br\/site\/wp-json\/wp\/v2\/users\/3"}],"replies":[{"embeddable":true,"href":"https:\/\/www.adufpb.org.br\/site\/wp-json\/wp\/v2\/comments?post=5712"}],"version-history":[{"count":3,"href":"https:\/\/www.adufpb.org.br\/site\/wp-json\/wp\/v2\/posts\/5712\/revisions"}],"predecessor-version":[{"id":5715,"href":"https:\/\/www.adufpb.org.br\/site\/wp-json\/wp\/v2\/posts\/5712\/revisions\/5715"}],"wp:attachment":[{"href":"https:\/\/www.adufpb.org.br\/site\/wp-json\/wp\/v2\/media?parent=5712"}],"wp:term":[{"taxonomy":"category","embeddable":true,"href":"https:\/\/www.adufpb.org.br\/site\/wp-json\/wp\/v2\/categories?post=5712"},{"taxonomy":"post_tag","embeddable":true,"href":"https:\/\/www.adufpb.org.br\/site\/wp-json\/wp\/v2\/tags?post=5712"}],"curies":[{"name":"wp","href":"https:\/\/api.w.org\/{rel}","templated":true}]}}