{"id":5667,"date":"2013-08-29T18:01:05","date_gmt":"2013-08-29T22:01:05","guid":{"rendered":"http:\/\/www.adufpb.org.br\/site\/?p=5667"},"modified":"2014-03-31T19:36:33","modified_gmt":"2014-03-31T23:36:33","slug":"vitoria-do-movimento-no-campus-do-litoral-norte","status":"publish","type":"post","link":"https:\/\/www.adufpb.org.br\/site\/vitoria-do-movimento-no-campus-do-litoral-norte\/","title":{"rendered":"Vit\u00f3ria do movimento no campus do Litoral Norte"},"content":{"rendered":"<p style=\"text-align: left;\" align=\"center\">A greve dos estudantes do Campus IV da UFPB (Litoral Norte), iniciada em 10 de julho do corrente ano, chegou ao fim nesta \u00faltima segunda-feira (26\/08\/2013). Ap\u00f3s 47 dias de intensas mobiliza\u00e7\u00f5es, incluindo uma hist\u00f3rica Assembleia de Estudantes, ocorrida no dia 12\/08, com a participa\u00e7\u00e3o de aproximadamente 350 estudantes, onde a maioria decidiu pela continuidade da greve, o movimento sai vitorioso, com a reitoria da UFPB se comprometendo em atender as reivindica\u00e7\u00f5es que levaram os estudantes \u00e0 paralisa\u00e7\u00e3o (reestrutura\u00e7\u00e3o da resid\u00eancia universit\u00e1ria e abertura dos restaurantes universit\u00e1rios de Rio Tinto e Mamanguape).<\/p>\n<p>Os docentes e t\u00e9cnicos administrativos do Campus IV, por reconhecerem como leg\u00edtimas tais reivindica\u00e7\u00f5es, desde o in\u00edcio do movimento se solidarizaram aos estudantes, acrescentando outras quest\u00f5es diretamente relacionadas com a garantia das condi\u00e7\u00f5es para o oferecimento de um ensino de qualidade. Passaram a fazer parte das reivindica\u00e7\u00f5es a cria\u00e7\u00e3o de uma Unidades Gestora para o Litoral Norte, adequa\u00e7\u00e3o das instala\u00e7\u00f5es do campus e quest\u00f5es relacionadas \u00e0 seguran\u00e7a e \u00e0 contrata\u00e7\u00e3o de funcion\u00e1rios terceirizados.<\/p>\n<p>Para tanto, os tr\u00eas segmentos constitu\u00edram um grupo de trabalho, a Comiss\u00e3o Mista, que sistematizou e detalhou os pontos da pauta de reivindica\u00e7\u00e3o, bem como mediou a rela\u00e7\u00e3o entre as tr\u00eas categorias e a Administra\u00e7\u00e3o Central da UFPB.<\/p>\n<p>Durante todo este processo a ADUFPB se fez presente, seja participando como convidada nas primeiras Assembleias ou organizando as subsequentes, seja como membro da Comiss\u00e3o Mista.<\/p>\n<p>O ingresso da ADUFPB na Comiss\u00e3o Mista foi uma proposta surgida em uma das Assembleias Docentes, com intuito de conferir uma representa\u00e7\u00e3o ampla \u00e0 referida comiss\u00e3o, uma vez que a mesma passaria a contar com o peso de uma entidade sindical legitimamente representante dos professores da UFPB.<\/p>\n<p>Este tamb\u00e9m foi o entendimento da diretoria da ADUFPB, sendo corroborado quando da convoca\u00e7\u00e3o, por parte da reitoria, de uma reuni\u00e3o para se tratar das quest\u00f5es relacionadas ao movimento \u00a0que estava acontecendo no Litoral Norte.<\/p>\n<p>Ressaltado a independ\u00eancia desta diretoria para com a administra\u00e7\u00e3o central da UFPB, a ADUFPB teve um papel reconhecidamente importante, por parte dos professores do Litoral Norte, nas negocia\u00e7\u00f5es subsequentes, que culminaram com o encaminhamento, por parte da reitoria, de um Termo de Compromisso com vistas ao atendimento de todos os pontos da pauta de reivindica\u00e7\u00f5es. Uma grande vit\u00f3ria do movimento estudantil e dos demais segmentos do Campus IV, com destaque para o papel desempenhado pelos estudantes, professores e t\u00e9cnicos administrativos que fizeram parte da Comiss\u00e3o Mista.<\/p>\n<p>Mesmo com a demora para o desfecho deste movimento, permeado por momentos de impasses onde parecia n\u00e3o haver espa\u00e7o para o di\u00e1logo, \u00e9 preciso ressaltar a iniciativa da administra\u00e7\u00e3o central da UFPB em se comprometer com o atendimento de todos os pontos de reivindica\u00e7\u00f5es, demonstrando sensatez e responsabilidade para com as quest\u00f5es pertinentes ao Campus IV.<\/p>\n<p>Lamentavelmente, em alguns momentos, a maturidade que se esperava da reitoria para a condu\u00e7\u00e3o deste processo deixou a desejar. Em in\u00fameras assembleias ocorridas no Litoral Norte, representantes da administra\u00e7\u00e3o central utilizaram-se do expediente da filmagem e da fotografia dos participantes sem ao menos submeter a aprova\u00e7\u00e3o desta pr\u00e1tica pelo coletivo, o que foi entendido como um recurso utilizado para intimida\u00e7\u00e3o e constrangimento.<\/p>\n<p>Da mesma maneira a omiss\u00e3o de socorro diante de um acidente envolvendo a reitora e manifestantes estudantis, ocorrido no \u00faltimo dia 16\/08, se distancia de um ide\u00e1rio de universidade pautado pelo di\u00e1logo, democracia, autonomia e respeito.<\/p>\n<p>A ADUFPB continuar\u00e1 apoiando e participando dos movimentos que tenham estes princ\u00edpios como base para a constru\u00e7\u00e3o de uma universidade p\u00fablica, gratuita, de qualidade e socialmente referenciada.<\/p>\n","protected":false},"excerpt":{"rendered":"<p>A greve dos estudantes do Campus IV da UFPB (Litoral Norte), iniciada em 10 de julho do corrente ano, chegou ao fim nesta \u00faltima segunda-feira (26\/08\/2013). Ap\u00f3s 47 dias de intensas mobiliza\u00e7\u00f5es, incluindo uma hist\u00f3rica Assembleia de Estudantes, ocorrida no dia 12\/08, com a participa\u00e7\u00e3o de aproximadamente 350 estudantes, onde a maioria decidiu pela continuidade&hellip;<\/p>\n","protected":false},"author":3,"featured_media":0,"comment_status":"open","ping_status":"open","sticky":false,"template":"","format":"standard","meta":{"footnotes":""},"categories":[16,438],"tags":[360,97],"class_list":["post-5667","post","type-post","status-publish","format-standard","hentry","category-artigos","category-secretarias-adjuntas","tag-greve-dos-alunos","tag-litoral-norte","category-16","category-438","description-off"],"_links":{"self":[{"href":"https:\/\/www.adufpb.org.br\/site\/wp-json\/wp\/v2\/posts\/5667","targetHints":{"allow":["GET"]}}],"collection":[{"href":"https:\/\/www.adufpb.org.br\/site\/wp-json\/wp\/v2\/posts"}],"about":[{"href":"https:\/\/www.adufpb.org.br\/site\/wp-json\/wp\/v2\/types\/post"}],"author":[{"embeddable":true,"href":"https:\/\/www.adufpb.org.br\/site\/wp-json\/wp\/v2\/users\/3"}],"replies":[{"embeddable":true,"href":"https:\/\/www.adufpb.org.br\/site\/wp-json\/wp\/v2\/comments?post=5667"}],"version-history":[{"count":4,"href":"https:\/\/www.adufpb.org.br\/site\/wp-json\/wp\/v2\/posts\/5667\/revisions"}],"predecessor-version":[{"id":7998,"href":"https:\/\/www.adufpb.org.br\/site\/wp-json\/wp\/v2\/posts\/5667\/revisions\/7998"}],"wp:attachment":[{"href":"https:\/\/www.adufpb.org.br\/site\/wp-json\/wp\/v2\/media?parent=5667"}],"wp:term":[{"taxonomy":"category","embeddable":true,"href":"https:\/\/www.adufpb.org.br\/site\/wp-json\/wp\/v2\/categories?post=5667"},{"taxonomy":"post_tag","embeddable":true,"href":"https:\/\/www.adufpb.org.br\/site\/wp-json\/wp\/v2\/tags?post=5667"}],"curies":[{"name":"wp","href":"https:\/\/api.w.org\/{rel}","templated":true}]}}