{"id":5665,"date":"2013-08-29T17:54:34","date_gmt":"2013-08-29T21:54:34","guid":{"rendered":"http:\/\/www.adufpb.org.br\/site\/?p=5665"},"modified":"2013-08-29T20:14:57","modified_gmt":"2013-08-30T00:14:57","slug":"gt-politica-educacional-reune-se-na-proxima-quinta-feira","status":"publish","type":"post","link":"https:\/\/www.adufpb.org.br\/site\/gt-politica-educacional-reune-se-na-proxima-quinta-feira\/","title":{"rendered":"GT Pol\u00edtica Educacional re\u00fane-se na pr\u00f3xima quinta-feira"},"content":{"rendered":"<p dir=\"ltr\">O Grupo de Trabalho de Pol\u00edtica Educacional e Cient\u00edfica convoca os docentes sindicalizados a participarem na pr\u00f3xima quinta-feira, 5 de setembro, da primeira reuni\u00e3o do GT na Gest\u00e3o 2013\/2015. Em pauta, a organiza\u00e7\u00e3o do funcionamento do Grupo de Trabalho, apresenta\u00e7\u00e3o do plano de trabalho da Diretoria de Pol\u00edtica Educacional e Cient\u00edfica e programa\u00e7\u00e3o das demandas do GT. A reuni\u00e3o ocorrer\u00e1 na sede da ADUFPB, no Centro de Viv\u00eancia do campus I, em Jo\u00e3o Pessoa, a partir das 14h.<\/p>\n","protected":false},"excerpt":{"rendered":"<p>O Grupo de Trabalho de Pol\u00edtica Educacional e Cient\u00edfica convoca os docentes sindicalizados a participarem na pr\u00f3xima quinta-feira, 5 de setembro, da primeira reuni\u00e3o do GT na Gest\u00e3o 2013\/2015. Em pauta, a organiza\u00e7\u00e3o do funcionamento do Grupo de Trabalho, apresenta\u00e7\u00e3o do plano de trabalho da Diretoria de Pol\u00edtica Educacional e Cient\u00edfica e programa\u00e7\u00e3o das demandas&hellip;<\/p>\n","protected":false},"author":3,"featured_media":0,"comment_status":"open","ping_status":"open","sticky":false,"template":"","format":"standard","meta":{"footnotes":""},"categories":[15],"tags":[246,376],"class_list":["post-5665","post","type-post","status-publish","format-standard","hentry","category-noticias","tag-grupos-de-trabalho","tag-gt-politica-educacional","category-15","description-off"],"_links":{"self":[{"href":"https:\/\/www.adufpb.org.br\/site\/wp-json\/wp\/v2\/posts\/5665","targetHints":{"allow":["GET"]}}],"collection":[{"href":"https:\/\/www.adufpb.org.br\/site\/wp-json\/wp\/v2\/posts"}],"about":[{"href":"https:\/\/www.adufpb.org.br\/site\/wp-json\/wp\/v2\/types\/post"}],"author":[{"embeddable":true,"href":"https:\/\/www.adufpb.org.br\/site\/wp-json\/wp\/v2\/users\/3"}],"replies":[{"embeddable":true,"href":"https:\/\/www.adufpb.org.br\/site\/wp-json\/wp\/v2\/comments?post=5665"}],"version-history":[{"count":2,"href":"https:\/\/www.adufpb.org.br\/site\/wp-json\/wp\/v2\/posts\/5665\/revisions"}],"predecessor-version":[{"id":5670,"href":"https:\/\/www.adufpb.org.br\/site\/wp-json\/wp\/v2\/posts\/5665\/revisions\/5670"}],"wp:attachment":[{"href":"https:\/\/www.adufpb.org.br\/site\/wp-json\/wp\/v2\/media?parent=5665"}],"wp:term":[{"taxonomy":"category","embeddable":true,"href":"https:\/\/www.adufpb.org.br\/site\/wp-json\/wp\/v2\/categories?post=5665"},{"taxonomy":"post_tag","embeddable":true,"href":"https:\/\/www.adufpb.org.br\/site\/wp-json\/wp\/v2\/tags?post=5665"}],"curies":[{"name":"wp","href":"https:\/\/api.w.org\/{rel}","templated":true}]}}