{"id":5659,"date":"2013-08-29T13:27:14","date_gmt":"2013-08-29T17:27:14","guid":{"rendered":"http:\/\/www.adufpb.org.br\/site\/?p=5659"},"modified":"2013-09-02T18:12:27","modified_gmt":"2013-09-02T22:12:27","slug":"professores-da-ufpb-param-as-atividades-nesta-sexta-feira","status":"publish","type":"post","link":"https:\/\/www.adufpb.org.br\/site\/professores-da-ufpb-param-as-atividades-nesta-sexta-feira\/","title":{"rendered":"Professores da UFPB param as atividades nesta sexta-feira"},"content":{"rendered":"<p dir=\"ltr\"><em>Categoria aderiu ao Dia Nacional de Paralisa\u00e7\u00f5es e integrar\u00e1 o protesto de trabalhadores que tomar\u00e1 conta do Centro de Jo\u00e3o Pessoa<\/em><\/p>\n<p><a href=\"http:\/\/www.adufpb.org.br\/site\/wp-content\/uploads\/2013\/08\/DSC02022.jpg\"><img loading=\"lazy\" decoding=\"async\" class=\"alignleft size-medium wp-image-5663\" title=\"DSC02022\" src=\"http:\/\/www.adufpb.org.br\/site\/wp-content\/uploads\/2013\/08\/DSC02022-300x225.jpg\" alt=\"\" width=\"300\" height=\"225\" srcset=\"https:\/\/www.adufpb.org.br\/site\/wp-content\/uploads\/2013\/08\/DSC02022-300x225.jpg 300w, https:\/\/www.adufpb.org.br\/site\/wp-content\/uploads\/2013\/08\/DSC02022.jpg 1024w\" sizes=\"auto, (max-width: 300px) 100vw, 300px\" \/><\/a>Os professores da UFPB v\u00e3o aderir nesta sexta-feira (30\/8) ao Dia Nacional de Paralisa\u00e7\u00e3o, movimento convocado por oito centrais sindicais brasileiras que levar\u00e1 uma onda de protestos \u00e0s principais cidades do Pa\u00eds. A orienta\u00e7\u00e3o da ADUFPB \u00e9 de que os docentes parem as atividades por 24 horas e participem da grande manifesta\u00e7\u00e3o que ser\u00e1 realizada no Centro de Jo\u00e3o Pessoa. As propostas foram apresentadas pela Diretoria Executiva do sindicato durante reuni\u00e3o ampliada dos professores, realizada na manh\u00e3 desta quinta-feira, no audit\u00f3rio 412 do CCHLA, campus I, em Jo\u00e3o Pessoa.<\/p>\n<p dir=\"ltr\">De acordo com o presidente da CUT-PB (Central \u00danica dos Trabalhadores), Paulo Marcelo Lima &#8211; que esteve presente \u00e0 reuni\u00e3o -, o protesto de sexta-feira ter\u00e1 concentra\u00e7\u00e3o na Pra\u00e7a dos Tr\u00eas Poderes (Pra\u00e7a Jo\u00e3o Pessoa), no Centro da capital, a partir das 13h. Para evitar dispers\u00e3o, os professores v\u00e3o usar como ponto de encontro a frente do Banco do Brasil, localizado na mesma rua da pra\u00e7a.<\/p>\n<p dir=\"ltr\">De l\u00e1, eles seguir\u00e3o pela Avenida Almeida Barreto, encerrando o protesto no Parque Solon de Lucena, por volta das 16h. \u201cA ideia \u00e9 levar o povo para a rua. Por isso viemos aqui convidar os professores, para que integrem esse movimento\u201d, declarou o presidente da CUT-PB, Paulo Marcelo. Segundo ele, os servidores t\u00e9cnico-administrativos da UFPB, representados pelo Sintespb (Sindicato dos Trabalhadores em Ensino Superior da Para\u00edba), tamb\u00e9m j\u00e1 confirmaram presen\u00e7a no movimento e, assim como os docentes, v\u00e3o parar as atividades na sexta-feira.<\/p>\n<p dir=\"ltr\">Depois da fala do dirigente da CUT, o presidente da ADUFPB, Jaldes Reis de Meneses, reafirmou que a categoria vai aderir \u00e0 paralisa\u00e7\u00e3o nacional e que a orienta\u00e7\u00e3o do sindicato para todos os professor \u00e9 suspender as atividades docentes e participar do grande protesto.<\/p>\n<p dir=\"ltr\">Ele destacou a import\u00e2ncia do atual momento para a hist\u00f3ria das lutas trabalhistas no Pa\u00eds. Segundo Jaldes Meneses, antes do protesto nacional de trabalhadores do dia 11 de julho (tamb\u00e9m convocado pelas oito centrais sindicais brasileiras), as duas \u00faltimas grandes manifesta\u00e7\u00f5es de trabalhadores ocorreram nos anos de 1999 (contra a pol\u00edtica econ\u00f4mica do governo Fernando Henrique Cardoso) e de 2003 (contra a Reforma da Previd\u00eancia do governo Lula, mobilizando apenas os trabalhadores do setor p\u00fablico).<\/p>\n<div id=\"attachment_5662\" style=\"width: 310px\" class=\"wp-caption alignright\"><a href=\"http:\/\/www.adufpb.org.br\/site\/wp-content\/uploads\/2013\/08\/DSC02018.jpg\"><img loading=\"lazy\" decoding=\"async\" aria-describedby=\"caption-attachment-5662\" class=\"size-medium wp-image-5662\" title=\"Presidente da CUT-PB, Paulo Marcelo\" src=\"http:\/\/www.adufpb.org.br\/site\/wp-content\/uploads\/2013\/08\/DSC02018-300x225.jpg\" alt=\"\" width=\"300\" height=\"225\" srcset=\"https:\/\/www.adufpb.org.br\/site\/wp-content\/uploads\/2013\/08\/DSC02018-300x225.jpg 300w, https:\/\/www.adufpb.org.br\/site\/wp-content\/uploads\/2013\/08\/DSC02018.jpg 1024w\" sizes=\"auto, (max-width: 300px) 100vw, 300px\" \/><\/a><p id=\"caption-attachment-5662\" class=\"wp-caption-text\">Presidente da CUT-PB, Paulo Marcelo<\/p><\/div>\n<p dir=\"ltr\">\u201cVemos como algo muito auspicioso que, de novo, uma mobiliza\u00e7\u00e3o de peso re\u00fana os trabalhadores. H\u00e1 uma pauta que unificou todas as centrais sindicais\u201d, declara o presidente da ADUFPB. Outro grande protesto que est\u00e1 por vir tamb\u00e9m contar\u00e1 com o apoio dos professores da Para\u00edba. Trata-se do Grito dos Exclu\u00eddos, realizado sempre na semana do 7 de setembro, Dia da P\u00e1tria, para chamar a aten\u00e7\u00e3o da sociedade para a exclus\u00e3o social.<\/p>\n<p dir=\"ltr\">Na Para\u00edba, este ano as manifesta\u00e7\u00f5es do Dia dos Exclu\u00eddos ocorrer\u00e3o em 5 de setembro. Na reuni\u00e3o desta quinta-feira, os professores aprovaram a ades\u00e3o da categoria a esses protestos. Aprovaram, tamb\u00e9m, a organiza\u00e7\u00e3o de um semin\u00e1rio para debater a situa\u00e7\u00e3o pol\u00edtica do Pa\u00eds, com foco nessa s\u00e9rie de manifesta\u00e7\u00f5es que v\u00eam tomando conta das cidades brasileiras, e a organiza\u00e7\u00e3o de um ciclo de debates que seria iniciado no come\u00e7o do pr\u00f3ximo semestre letivo, em outubro.<\/p>\n<p><strong>AGENDE-SE<\/strong><br \/>\n<strong>Dia Nacional de Paralisa\u00e7\u00f5es em Jo\u00e3o Pessoa<\/strong><br \/>\n<strong>Data:<\/strong> sexta-feira, 30 de agosto<br \/>\n<strong>Local de concentra\u00e7\u00e3o:<\/strong> Pra\u00e7a dos Tr\u00eas Poderes (os professores v\u00e3o se encontrar em frente ao Banco do Brasil, na mesma rua da pra\u00e7a)<br \/>\n<strong>Hor\u00e1rio:<\/strong> a partir das 13h<\/p>\n<p dir=\"ltr\"><strong>Atividades culturais<\/strong><\/p>\n<p dir=\"ltr\">Por falta de qu\u00f3rum, a assembleia dos professores que havia sido convocada para esta quinta-feira foi transformada em reuni\u00e3o ampliada dos professores. Al\u00e9m de definir os detalhes para participa\u00e7\u00e3o no protesto de sexta-feira, os docentes tamb\u00e9m apresentaram alguns informes de interesse da categoria.<\/p>\n<p dir=\"ltr\">O primeiro a falar foi o professor Carlos Cartaxo, diretor de Cultura da ADUFPB. Ele lembrou que o sindicato realizar\u00e1 uma s\u00e9rie de atividades culturais nos pr\u00f3ximos meses, iniciando no dia 6 de setembro com uma sess\u00e3o de cinema com o filme \u201cEles n\u00e3o usam black tie\u201d, produ\u00e7\u00e3o brasileira de 1981 dirigido por Leon Hirszman e baseado na pe\u00e7a hom\u00f4nima. A sess\u00e3o ocorrer\u00e1 no Terra\u00e7o Cultural da sede do sindicato, no Centro de Viv\u00eancia, seguida de um debate com a professora Regina Behar, do Departamento de Hist\u00f3ria.<\/p>\n<p dir=\"ltr\">Tamb\u00e9m est\u00e3o sendo organizados saraus, com a apresenta\u00e7\u00e3o de poemas dos pr\u00f3prios professores da UFPB, interpretados pelo Grupo de Teatro do sindicato. Os interessados podem enviar seus texto para o e-mail carloscartaxo@yahoo.com.br. O primeiro sarau ocorrer\u00e1 no dia no dia 10 de outubro, na sede da ADUFPB. O professor Hildeberto Barbosa ser\u00e1 o convidado especial e ir\u00e1 declamar alguns de seus poemas na abertura do evento. A programa\u00e7\u00e3o completa das sess\u00f5es de cinema e dos saraus podem ser conferidas no site do sindicato.<\/p>\n<p dir=\"ltr\"><strong>Conselho de Representantes<\/strong><\/p>\n<p dir=\"ltr\">J\u00e1 o professor Alexandre N\u00e1der, rec\u00e9m eleito presidente do Conselho de Representantes da ADUFPB, deu informes a respeito das a\u00e7\u00f5es do CR. Ele lembrou que o Conselho tomou posse no \u00faltimo dia 20 de agosto, para a Gest\u00e3o 2013\/2015. A cerim\u00f4nia ocorreu \u00e0s 16h, na Sala de Leitura da sede do Sindicato, no campus I da UFPB. O professor Jos\u00e9 da Paz Oliveira Alvarenga foi eleito o novo secret\u00e1rio do Conselho de Representantes.<\/p>\n<p dir=\"ltr\">A cerim\u00f4nia de posse dos conselheiros lotou a Sala de Leitura do Sindicato e contou com uma apresenta\u00e7\u00e3o especial do coral Vozes da ADUFPB. Depois, foi servido um coquetel aos professores presentes.<\/p>\n<p dir=\"ltr\">O Conselho de Representantes \u00e9 um \u00f3rg\u00e3o deliberativo da ADUFPB\/Se\u00e7\u00e3o Sindical e \u00e9 constitu\u00eddo por representantes de cada unidade dos Campi de Jo\u00e3o Pessoa, Areia, Bananeiras, Litoral Norte (Mamanguape e Rio Tinto), eleitos, com seus suplentes, em vota\u00e7\u00e3o secreta pelos sindicalizados pertencentes \u00e0quelas unidades.<\/p>\n<div id=\"attachment_5660\" style=\"width: 310px\" class=\"wp-caption alignleft\"><a href=\"http:\/\/www.adufpb.org.br\/site\/wp-content\/uploads\/2013\/08\/DSC02010.jpg\"><img loading=\"lazy\" decoding=\"async\" aria-describedby=\"caption-attachment-5660\" class=\"size-medium wp-image-5660\" title=\"Professor Jos\u00e9 Ant\u00f4nio\" src=\"http:\/\/www.adufpb.org.br\/site\/wp-content\/uploads\/2013\/08\/DSC02010-300x225.jpg\" alt=\"\" width=\"300\" height=\"225\" srcset=\"https:\/\/www.adufpb.org.br\/site\/wp-content\/uploads\/2013\/08\/DSC02010-300x225.jpg 300w, https:\/\/www.adufpb.org.br\/site\/wp-content\/uploads\/2013\/08\/DSC02010.jpg 1024w\" sizes=\"auto, (max-width: 300px) 100vw, 300px\" \/><\/a><p id=\"caption-attachment-5660\" class=\"wp-caption-text\">Professor Jos\u00e9 Ant\u00f4nio<\/p><\/div>\n<p><strong>GT Aposentadoria<\/strong><\/p>\n<p dir=\"ltr\">Outro informe foi dado pela professora Gl\u00f3ria Obermark, do Grupo de Trabalho de Seguridade Social e Assunto de Aposentadoria (GTSSAA). Ela convidou os presentes a participarem das atividades do GT e lembrou que, no pr\u00f3ximo dia 6 de setembro, ser\u00e1 realizada uma reuni\u00e3o festiva para professores aposentados e da ativa e para representantes de entidades da sociedade civil organizada. O evento come\u00e7a \u00e0s 9h e ser\u00e1 realizado na sede da ADUFPB, no Centro de Viv\u00eancia da UFPB.<\/p>\n<p dir=\"ltr\">J\u00e1 o professor Jos\u00e9 Ant\u00f4nio Silva, tamb\u00e9m do GT Aposentadoria, lembrou que o grupo est\u00e1 atento a quest\u00f5es pol\u00edticas e jur\u00eddicas que interessam diretamente \u00e0 classe, como \u00e9 o caso da Proposta de Emenda \u00e0 Constitui\u00e7\u00e3o 555\/2006, que acaba com a cobran\u00e7a de contribui\u00e7\u00e3o previdenci\u00e1ria sobre os proventos dos servidores p\u00fablicos aposentados, e os projetos que d\u00e3 isen\u00e7\u00e3o de Imposto de Renda ao aposentado e que preveem a \u201cdesaposentadoria\u201d.<\/p>\n<p><strong>Escola de Educa\u00e7\u00e3o B\u00e1sica<\/strong><\/p>\n<p dir=\"ltr\">Ainda na parte dos informes, o professor Fernando Cunha, Diretor de Pol\u00edtica Educacional e Cient\u00edfica da ADUFPB, relatou os problemas vem enfrentando a Escola de Educa\u00e7\u00e3o B\u00e1sica da UFPB, antiga creche. Segundo ele, o sindicato recebeu e-mail de uma m\u00e3e preocupada com o grande n\u00famero de professores tempor\u00e1rios na institui\u00e7\u00e3o e com o fato de que o contrato deles deve encerrar em setembro.<\/p>\n<p dir=\"ltr\">Por causa desse alerta, foi convocada uma reuni\u00e3o, que se realizou no dia 28 de agosto, na pr\u00f3pria EEB. Desse encontro sa\u00edram alguns encaminhamentos. Um deles \u00e9 agendar uma conversa na pr\u00f3xima semana com os diretores da escola de aplica\u00e7\u00e3o do Recife (PE) ou de Natal (RN) para entender o funcionamento da Escola na estrutura da Universidade.<\/p>\n<p dir=\"ltr\">Tamb\u00e9m ser\u00e1 agendada audi\u00eancia, ainda sem data, com a dire\u00e7\u00e3o do Centro de Educa\u00e7\u00e3o para tratar da situa\u00e7\u00e3o da EEB. Outra reuni\u00e3o ocorrer\u00e1 no dia 20 de setembro, com pais, professores e dire\u00e7\u00e3o do CE para apresentar uma agenda de trabalho.<\/p>\n<p dir=\"ltr\">A dire\u00e7\u00e3o da escola ficou, ainda, de apresentar ao grupo c\u00f3pias de alguns documentos que tratam da estrutura da institui\u00e7\u00e3o: resolu\u00e7\u00e3o de cria\u00e7\u00e3o da escola b\u00e1sica, relat\u00f3rio da situa\u00e7\u00e3o da escola apresentado ao Centro de Educa\u00e7\u00e3o e \u00e0 reitoria, Carta do N\u00facleo de Educa\u00e7\u00e3o Infantil da UFSC, documento do MEC que orienta a municipaliza\u00e7\u00e3o das creches e pr\u00e9-escolas existente nas Universidades, documento da UNIFEI e do CONCACAP.<\/p>\n<p><strong>Litoral Norte<\/strong><\/p>\n<div id=\"attachment_5661\" style=\"width: 310px\" class=\"wp-caption alignright\"><a href=\"http:\/\/www.adufpb.org.br\/site\/wp-content\/uploads\/2013\/08\/DSC02011.jpg\"><img loading=\"lazy\" decoding=\"async\" aria-describedby=\"caption-attachment-5661\" class=\"size-medium wp-image-5661\" title=\"Professor Ricardo Lucena\" src=\"http:\/\/www.adufpb.org.br\/site\/wp-content\/uploads\/2013\/08\/DSC02011-300x225.jpg\" alt=\"\" width=\"300\" height=\"225\" srcset=\"https:\/\/www.adufpb.org.br\/site\/wp-content\/uploads\/2013\/08\/DSC02011-300x225.jpg 300w, https:\/\/www.adufpb.org.br\/site\/wp-content\/uploads\/2013\/08\/DSC02011.jpg 1024w\" sizes=\"auto, (max-width: 300px) 100vw, 300px\" \/><\/a><p id=\"caption-attachment-5661\" class=\"wp-caption-text\">Professor Ricardo Lucena fala sobre a greve do Litoral Norte<\/p><\/div>\n<p dir=\"ltr\">Tamb\u00e9m foram apresentados informes sobre a situa\u00e7\u00e3o do campus IV (Litoral Norte), cujos alunos estavam em greve at\u00e9 a \u00faltima segunda-feira (26\/8). Quem falou a respeito foi o professor Ricardo Lucena, diretor de Comunica\u00e7\u00e3o da ADUFPB. Segundo ele, participando ativamente do processo de mobiliza\u00e7\u00e3o no campus e de negocia\u00e7\u00e3o com a reitoria, o sindicato conseguiu quebrar uma resist\u00eancia que existia entre os professores do Litoral Norte em rela\u00e7\u00e3o \u00e0 ADUFPB.<\/p>\n<p dir=\"ltr\">A entidade integrou a comiss\u00e3o mista formada, ainda, por estudantes e servidores t\u00e9cnico-administrativos para acompanhar o processo de negocia\u00e7\u00e3o das reivindica\u00e7\u00f5es dos estudantes. Segundo Ricardo Lucena, o movimento pode ser considerado vitorioso, por isso os professores e os alunos aprovaram o termo de compromisso apresentado na \u00faltima quarta-feira (21\/8) pela reitoria.<\/p>\n<p dir=\"ltr\">Entre as provid\u00eancias previstas no documento est\u00e3o a abertura do restaurante de Mamanguape \u2013 e a manuten\u00e7\u00e3o das bolsas aux\u00edlio (com aumento de 25% a partir de setembro) at\u00e9 o pr\u00e9dio estar conclu\u00eddo -, a apresenta\u00e7\u00e3o de um projeto de reestrutura\u00e7\u00e3o das resid\u00eancias universit\u00e1rias de Rio Tinto e Mamanguape e o encaminhamento ao Consuni (Conselho Universit\u00e1rio), em setembro, do processo de cria\u00e7\u00e3o da unidade gestora do CCAE (Centro de Ci\u00eancias Aplicadas e Educa\u00e7\u00e3o).<\/p>\n<p dir=\"ltr\">Al\u00e9m do compromisso da reitoria de solucionar alguns dos principais problemas do campus IV, os alunos conseguiram, logo na segunda semana de greve, a abertura do restaurante universit\u00e1rio de Rio Tinto, que estava conclu\u00eddo h\u00e1 meses, mas continuava de portas fechadas.<\/p>\n<p dir=\"ltr\">\u201cOutra quest\u00e3o foi a da acessibilidade no campus Litoral Norte. Os pr\u00e9dios do campus foram constru\u00eddos sem acesso para pessoas com defici\u00eancia e a reitoria se comprometeu a adquirir elevadores para permitir a acessibilidade. Ser\u00e3o instalados oito equipamentos nos pr\u00e9dios do litoral norte\u201d, acrescenta Ricardo Lucena.<\/p>\n<p>Para o presidente da ADUFPB, Jaldes Meneses, \u201ca luta do Litoral Norte n\u00e3o foi apenas uma luta do campus IV\u201d. Segundo ele, os problemas nos centros de ensino de Mamanguape e Rio Tinto trazem de volta \u00e0 pauta as consequ\u00eancias do Reuni. \u201cFoi um aumento de 20 mil para 40 mil estudantes nos \u00faltimos anos. O problema de como oferecer assist\u00eancia estudantil para esse alunado est\u00e1 explodindo em todo Pa\u00eds. A luta do Litoral Norte nos ajuda bastante a pensar como conduzir a luta por essa pauta espec\u00edfica aqui na Para\u00edba\u201d, concluiu.<\/p>\n<p><em>Fonte: Ascom ADUFPB<\/em><\/p>\n","protected":false},"excerpt":{"rendered":"<p>Categoria aderiu ao Dia Nacional de Paralisa\u00e7\u00f5es e integrar\u00e1 o protesto de trabalhadores que tomar\u00e1 conta do Centro de Jo\u00e3o Pessoa Os professores da UFPB v\u00e3o aderir nesta sexta-feira (30\/8) ao Dia Nacional de Paralisa\u00e7\u00e3o, movimento convocado por oito centrais sindicais brasileiras que levar\u00e1 uma onda de protestos \u00e0s principais cidades do Pa\u00eds. A orienta\u00e7\u00e3o&hellip;<\/p>\n","protected":false},"author":3,"featured_media":0,"comment_status":"open","ping_status":"open","sticky":false,"template":"","format":"standard","meta":{"footnotes":""},"categories":[15],"tags":[95,360,318,97,26,223],"class_list":["post-5659","post","type-post","status-publish","format-standard","hentry","category-noticias","tag-assembleias","tag-greve-dos-alunos","tag-gt-aposentadoria","tag-litoral-norte","tag-mobilizacao","tag-paralisacao","category-15","description-off"],"_links":{"self":[{"href":"https:\/\/www.adufpb.org.br\/site\/wp-json\/wp\/v2\/posts\/5659","targetHints":{"allow":["GET"]}}],"collection":[{"href":"https:\/\/www.adufpb.org.br\/site\/wp-json\/wp\/v2\/posts"}],"about":[{"href":"https:\/\/www.adufpb.org.br\/site\/wp-json\/wp\/v2\/types\/post"}],"author":[{"embeddable":true,"href":"https:\/\/www.adufpb.org.br\/site\/wp-json\/wp\/v2\/users\/3"}],"replies":[{"embeddable":true,"href":"https:\/\/www.adufpb.org.br\/site\/wp-json\/wp\/v2\/comments?post=5659"}],"version-history":[{"count":3,"href":"https:\/\/www.adufpb.org.br\/site\/wp-json\/wp\/v2\/posts\/5659\/revisions"}],"predecessor-version":[{"id":5711,"href":"https:\/\/www.adufpb.org.br\/site\/wp-json\/wp\/v2\/posts\/5659\/revisions\/5711"}],"wp:attachment":[{"href":"https:\/\/www.adufpb.org.br\/site\/wp-json\/wp\/v2\/media?parent=5659"}],"wp:term":[{"taxonomy":"category","embeddable":true,"href":"https:\/\/www.adufpb.org.br\/site\/wp-json\/wp\/v2\/categories?post=5659"},{"taxonomy":"post_tag","embeddable":true,"href":"https:\/\/www.adufpb.org.br\/site\/wp-json\/wp\/v2\/tags?post=5659"}],"curies":[{"name":"wp","href":"https:\/\/api.w.org\/{rel}","templated":true}]}}