{"id":5526,"date":"2013-08-09T11:35:04","date_gmt":"2013-08-09T15:35:04","guid":{"rendered":"http:\/\/www.adufpb.org.br\/site\/?p=5526"},"modified":"2013-08-09T11:35:04","modified_gmt":"2013-08-09T15:35:04","slug":"professores-do-litoral-norte-vao-solicitar-reuniao-com-a-reitora","status":"publish","type":"post","link":"https:\/\/www.adufpb.org.br\/site\/professores-do-litoral-norte-vao-solicitar-reuniao-com-a-reitora\/","title":{"rendered":"Professores do Litoral Norte v\u00e3o solicitar reuni\u00e3o com a reitora"},"content":{"rendered":"<p dir=\"ltr\"><a href=\"http:\/\/www.adufpb.org.br\/site\/wp-content\/uploads\/2013\/08\/Assembleia-Litoral-Norte_quinta_feira_08_08_2013.jpg\"><img loading=\"lazy\" decoding=\"async\" class=\"alignleft size-medium wp-image-5527\" title=\"Assembleia Litoral Norte_quinta_feira_08_08_2013\" src=\"http:\/\/www.adufpb.org.br\/site\/wp-content\/uploads\/2013\/08\/Assembleia-Litoral-Norte_quinta_feira_08_08_2013-300x195.jpg\" alt=\"\" width=\"300\" height=\"195\" srcset=\"https:\/\/www.adufpb.org.br\/site\/wp-content\/uploads\/2013\/08\/Assembleia-Litoral-Norte_quinta_feira_08_08_2013-300x195.jpg 300w, https:\/\/www.adufpb.org.br\/site\/wp-content\/uploads\/2013\/08\/Assembleia-Litoral-Norte_quinta_feira_08_08_2013-1024x667.jpg 1024w, https:\/\/www.adufpb.org.br\/site\/wp-content\/uploads\/2013\/08\/Assembleia-Litoral-Norte_quinta_feira_08_08_2013.jpg 1124w\" sizes=\"auto, (max-width: 300px) 100vw, 300px\" \/><\/a>Professores e servidores t\u00e9cnico-administrativos do campus IV da UFPB (Litoral Norte) v\u00e3o solicitar uma reuni\u00e3o com a reitora Margareth Diniz para tratar da greve de estudantes que h\u00e1 30 dias paralisou as aulas na unidade de ensino. A decis\u00e3o foi tomada na \u00faltima quinta-feira (8\/8) em assembleia geral dos docentes do Litoral Norte, realizada no audit\u00f3rio de Mamanguape.<\/p>\n<p dir=\"ltr\">Na ocasi\u00e3o, os professores aprovaram a inclus\u00e3o dos t\u00e9cnico-administrativos na comiss\u00e3o formada semana passada para acompanhar a mobiliza\u00e7\u00e3o dos alunos. E \u00e9 essa Comiss\u00e3o Mista de professores e servidores que deve encaminhar nesta sexta-feira (9\/8) um memorando \u00e0 reitoria solicitando a reuni\u00e3o para tratar da greve. O objetivo \u00e9 que o encontro seja realizado antes da pr\u00f3xima assembleia de docentes do Litoral Norte, agendada para o dia 15 de agosto (quinta-feira).<\/p>\n<p dir=\"ltr\">Como forma de divulga\u00e7\u00e3o das a\u00e7\u00f5es e dos informes, a Comiss\u00e3o Mista de professores e servidores do Litoral Norte criou um blog que pode acessado no endere\u00e7o <a href=\"http:\/\/comissaomistaccae.blog.br\/\">http:\/\/comissaomistaccae.blog.br\/<\/a>.<\/p>\n<p><strong>Greve de estudantes<\/strong><\/p>\n<p dir=\"ltr\">A paralisa\u00e7\u00e3o do corpo discente nos cursos de gradua\u00e7\u00e3o do Litoral Norte teve in\u00edcio no dia 9 de julho. Os alunos reclamam principalmente da falta de assist\u00eancia estudantil no campus, como restaurantes univers\u00e1rios e resid\u00eancias estudantil. Ap\u00f3s o in\u00edcio do movimento, eles conseguiram a abertura do RU de Rio Tinto, que j\u00e1 estava conclu\u00eddo h\u00e1 meses, mas continuava de portas fechadas.<\/p>\n<p dir=\"ltr\">Entretanto, eles cobram ainda a abertura da resid\u00eancia de estudantes, a abertura imediata do processo licitat\u00f3rio dos equipamentos restantes do restaurante de Mamanguape, que tem apenas 20% da estrutura conclu\u00edda; apresenta\u00e7\u00e3o do projeto de reestrutura\u00e7\u00e3o das resid\u00eancias; pagamento dos seis meses de sal\u00e1rios atrasados dos terceirizados, e recontrata\u00e7\u00e3o dos funcion\u00e1rios do restaurante de Rio Tinto.<\/p>\n<p dir=\"ltr\"><em>Fonte: Ascom ADUFPB<\/em><\/p>\n","protected":false},"excerpt":{"rendered":"<p>Professores e servidores t\u00e9cnico-administrativos do campus IV da UFPB (Litoral Norte) v\u00e3o solicitar uma reuni\u00e3o com a reitora Margareth Diniz para tratar da greve de estudantes que h\u00e1 30 dias paralisou as aulas na unidade de ensino. A decis\u00e3o foi tomada na \u00faltima quinta-feira (8\/8) em assembleia geral dos docentes do Litoral Norte, realizada no&hellip;<\/p>\n","protected":false},"author":3,"featured_media":0,"comment_status":"open","ping_status":"open","sticky":false,"template":"","format":"standard","meta":{"footnotes":""},"categories":[15],"tags":[370,97],"class_list":["post-5526","post","type-post","status-publish","format-standard","hentry","category-noticias","tag-greve-de-alunos","tag-litoral-norte","category-15","description-off"],"_links":{"self":[{"href":"https:\/\/www.adufpb.org.br\/site\/wp-json\/wp\/v2\/posts\/5526","targetHints":{"allow":["GET"]}}],"collection":[{"href":"https:\/\/www.adufpb.org.br\/site\/wp-json\/wp\/v2\/posts"}],"about":[{"href":"https:\/\/www.adufpb.org.br\/site\/wp-json\/wp\/v2\/types\/post"}],"author":[{"embeddable":true,"href":"https:\/\/www.adufpb.org.br\/site\/wp-json\/wp\/v2\/users\/3"}],"replies":[{"embeddable":true,"href":"https:\/\/www.adufpb.org.br\/site\/wp-json\/wp\/v2\/comments?post=5526"}],"version-history":[{"count":1,"href":"https:\/\/www.adufpb.org.br\/site\/wp-json\/wp\/v2\/posts\/5526\/revisions"}],"predecessor-version":[{"id":5528,"href":"https:\/\/www.adufpb.org.br\/site\/wp-json\/wp\/v2\/posts\/5526\/revisions\/5528"}],"wp:attachment":[{"href":"https:\/\/www.adufpb.org.br\/site\/wp-json\/wp\/v2\/media?parent=5526"}],"wp:term":[{"taxonomy":"category","embeddable":true,"href":"https:\/\/www.adufpb.org.br\/site\/wp-json\/wp\/v2\/categories?post=5526"},{"taxonomy":"post_tag","embeddable":true,"href":"https:\/\/www.adufpb.org.br\/site\/wp-json\/wp\/v2\/tags?post=5526"}],"curies":[{"name":"wp","href":"https:\/\/api.w.org\/{rel}","templated":true}]}}