{"id":5494,"date":"2013-07-31T11:11:06","date_gmt":"2013-07-31T15:11:06","guid":{"rendered":"http:\/\/www.adufpb.org.br\/site\/?p=5494"},"modified":"2013-07-31T11:11:06","modified_gmt":"2013-07-31T15:11:06","slug":"trabalhadores-voltam-as-ruas-em-agosto-e-andes-sn-chama-docentes-a-mobilizacao","status":"publish","type":"post","link":"https:\/\/www.adufpb.org.br\/site\/trabalhadores-voltam-as-ruas-em-agosto-e-andes-sn-chama-docentes-a-mobilizacao\/","title":{"rendered":"Trabalhadores voltam \u00e0s ruas em agosto e ANDES-SN chama docentes \u00e0 mobiliza\u00e7\u00e3o"},"content":{"rendered":"<p><em>Dia 6 marcar\u00e1 a luta contra o PL 4330, das privatiza\u00e7\u00f5es, e em 30 de agosto, as centrais convocam \u201cDia Nacional de Paralisa\u00e7\u00e3o\u201d<\/em><\/p>\n<p>Nos dias 6 e 30 de agosto, os trabalhadores de todo o pa\u00eds devem voltar \u00e0s ruas em protesto \u00e0 pol\u00edtica econ\u00f4mico-social do governo, que segue sem dar resposta efetiva \u00e0s in\u00fameras reivindica\u00e7\u00f5es apresentadas pela popula\u00e7\u00e3o nas manifesta\u00e7\u00f5es que ocorrem por todo o Brasil h\u00e1 mais dois meses. O dia 6 ir\u00e1 marcar a luta contra o PL 4330, das Terceiriza\u00e7\u00f5es. J\u00e1 em 30 de agosto, acontece o \u201cDia Nacional de Paralisa\u00e7\u00e3o\u201d, com uma pauta unit\u00e1ria (veja abaixo).<\/p>\n<p>As datas foram convocadas pelas centrais sindicais \u2013 CSP-Conlutas, a CUT, a CTB, a UGT, a NCST, a CSB \u2013, e integram o calend\u00e1rio de lutas do ANDES-SN para o pr\u00f3ximo per\u00edodo, que foi aprovado durante o 58\u00ba Conad, realizado entre os dias 18 e 21 de julho, em Santa Maria (RS).<\/p>\n<p>Para ressaltar a import\u00e2ncia em se debater integrar as mobiliza\u00e7\u00f5es nestas duas datas, o ANDES-SN enviou a circular n\u00ba 128\/2013, indicando \u00e0s se\u00e7\u00f5es sindicais a realiza\u00e7\u00e3o de assembleias gerais \u201cpara que estabele\u00e7am, de acordo com suas delibera\u00e7\u00f5es, a participa\u00e7\u00e3o e as atividades a serem preparadas para os dias 6 e 30 de agosto\u201d.\u00a0<strong><a href=\"http:\/\/portal.andes.org.br\/imprensa\/noticias\/imp-ult-1652964314.pdf\" target=\"_blank\">Confira aqui o documento.<\/a><\/strong><\/p>\n<p>\u201cNesse momento \u00e9 fundamental que cumpramos nosso papel, sem atropelar as nossas formas organizativas democr\u00e1ticas pela base, para ampliar e fortalecer a participa\u00e7\u00e3o dos docentes nas a\u00e7\u00f5es orientadas pelo Sindicato Nacional e pela nossa central &#8211; CSP Conlutas\u201d, ressalta a circular assinada pela presidente do ANDES-SN, Marinalva Oliveira.<\/p>\n<p>Marinalva ressalta a import\u00e2ncia dos docentes participarem da organiza\u00e7\u00e3o dos atos em suas cidades, junto \u00e0s demais entidades representativas dos trabalhadores. \u201cPrecisamos fortalecer a mobiliza\u00e7\u00e3o no dia 6, que traz como pauta uma das nossas bandeiras hist\u00f3ricas, que \u00e9 a luta contra a terceiriza\u00e7\u00e3o dos servi\u00e7os em todos os setores, para realizar mais um grande dia nacional de paralisa\u00e7\u00e3o, em 30 de agosto\u201d, destaca a presidente do ANDES-SN.<\/p>\n<p>Confira os eixos da pauta unificada proposta pelas Centrais:<\/p>\n<p>&#8211; redu\u00e7\u00e3o do pre\u00e7o e melhor a qualidade dos transportes coletivos;<br \/>\n&#8211; mais investimentos na sa\u00fade e na educa\u00e7\u00e3o p\u00fablica;<br \/>\n&#8211; fim do fator previdenci\u00e1rio e aumento das aposentadorias;<br \/>\n&#8211; redu\u00e7\u00e3o da jornada de trabalho;<br \/>\n&#8211; Sal\u00e1rio igual para trabalho igual, combatendo a discrimina\u00e7\u00e3o da mulher no trabalho;<br \/>\n&#8211; fim dos leil\u00f5es das reservas de petr\u00f3leo;<br \/>\n&#8211; contra o PL 4330, da terceiriza\u00e7\u00e3o;<br \/>\n&#8211; Reforma Agr\u00e1ria.<\/p>\n<p><em>Fonte:\u00a0ANDES-SN<\/em><\/p>\n","protected":false},"excerpt":{"rendered":"<p>Dia 6 marcar\u00e1 a luta contra o PL 4330, das privatiza\u00e7\u00f5es, e em 30 de agosto, as centrais convocam \u201cDia Nacional de Paralisa\u00e7\u00e3o\u201d Nos dias 6 e 30 de agosto, os trabalhadores de todo o pa\u00eds devem voltar \u00e0s ruas em protesto \u00e0 pol\u00edtica econ\u00f4mico-social do governo, que segue sem dar resposta efetiva \u00e0s in\u00fameras&hellip;<\/p>\n","protected":false},"author":3,"featured_media":0,"comment_status":"open","ping_status":"open","sticky":false,"template":"","format":"standard","meta":{"footnotes":""},"categories":[15],"tags":[92,26,355],"class_list":["post-5494","post","type-post","status-publish","format-standard","hentry","category-noticias","tag-andes","tag-mobilizacao","tag-protestos","category-15","description-off"],"_links":{"self":[{"href":"https:\/\/www.adufpb.org.br\/site\/wp-json\/wp\/v2\/posts\/5494","targetHints":{"allow":["GET"]}}],"collection":[{"href":"https:\/\/www.adufpb.org.br\/site\/wp-json\/wp\/v2\/posts"}],"about":[{"href":"https:\/\/www.adufpb.org.br\/site\/wp-json\/wp\/v2\/types\/post"}],"author":[{"embeddable":true,"href":"https:\/\/www.adufpb.org.br\/site\/wp-json\/wp\/v2\/users\/3"}],"replies":[{"embeddable":true,"href":"https:\/\/www.adufpb.org.br\/site\/wp-json\/wp\/v2\/comments?post=5494"}],"version-history":[{"count":1,"href":"https:\/\/www.adufpb.org.br\/site\/wp-json\/wp\/v2\/posts\/5494\/revisions"}],"predecessor-version":[{"id":5495,"href":"https:\/\/www.adufpb.org.br\/site\/wp-json\/wp\/v2\/posts\/5494\/revisions\/5495"}],"wp:attachment":[{"href":"https:\/\/www.adufpb.org.br\/site\/wp-json\/wp\/v2\/media?parent=5494"}],"wp:term":[{"taxonomy":"category","embeddable":true,"href":"https:\/\/www.adufpb.org.br\/site\/wp-json\/wp\/v2\/categories?post=5494"},{"taxonomy":"post_tag","embeddable":true,"href":"https:\/\/www.adufpb.org.br\/site\/wp-json\/wp\/v2\/tags?post=5494"}],"curies":[{"name":"wp","href":"https:\/\/api.w.org\/{rel}","templated":true}]}}