{"id":5492,"date":"2013-07-31T11:09:50","date_gmt":"2013-07-31T15:09:50","guid":{"rendered":"http:\/\/www.adufpb.org.br\/site\/?p=5492"},"modified":"2013-07-31T11:09:50","modified_gmt":"2013-07-31T15:09:50","slug":"andes-sn-divulga-carta-de-santa-maria-documento-sintese-do-58o-conad","status":"publish","type":"post","link":"https:\/\/www.adufpb.org.br\/site\/andes-sn-divulga-carta-de-santa-maria-documento-sintese-do-58o-conad\/","title":{"rendered":"ANDES-SN divulga Carta de Santa Maria, documento s\u00edntese do 58\u00ba Conad"},"content":{"rendered":"<p>A Carta de Santa Maria, documento pol\u00edtico que traz a s\u00edntese das delibera\u00e7\u00f5es do 58\u00ba Conselho do ANDES-SN (Conad), realizado entre 18 e 21 de julho em Santa Maria (RS), foi divulgada pelo Sindicato Nacional e est\u00e1 dispon\u00edvel para leitura. Al\u00e9m das resolu\u00e7\u00f5es do Conselho, o texto tamb\u00e9m fala sobre os desafios para o pr\u00f3ximo per\u00edodo. O 58\u00ba Conad contou com a participa\u00e7\u00e3o de 53 Se\u00e7\u00f5es Sindicais, 49 delegados, 77 observadores, 34 diretores e dois convidados.<\/p>\n<p>A Carta afirma que, durante a an\u00e1lise de conjuntura e a atualiza\u00e7\u00e3o do Plano de Lutas do Sindicato deliberado pelo 32\u00ba Congresso, o ANDES-SN acertou nas an\u00e1lises feitas quanto \u00e0 din\u00e2mica econ\u00f4mica e social estabelecida pelas pol\u00edticas de governo, entre elas a prioriza\u00e7\u00e3o do capital que traz graves consequ\u00eancias ao trabalhador, como a retirada de direitos, a precariza\u00e7\u00e3o e intensifica\u00e7\u00e3o do trabalho, o crescimento do individualismo e do conservadorismo.<\/p>\n<p>Somadas a estas quest\u00f5es, as manifesta\u00e7\u00f5es que tomaram \u00e0s ruas do pa\u00eds nos \u00faltimos meses cobraram direitos a servi\u00e7os garantidos pela Constitui\u00e7\u00e3o Federal, como educa\u00e7\u00e3o, sa\u00fade, direito de ir e vir, seguran\u00e7a, entre outros, pautas que j\u00e1 faziam parte das reivindica\u00e7\u00f5es de sindicatos, como o ANDES-SN e movimentos organizados. \u201cNa perspectiva de fazer o Sindicato avan\u00e7ar entre os professores e ampliar a articula\u00e7\u00e3o de classe com todos os trabalhadores, bem como estabelecer um di\u00e1logo com todos os brasileiros, a demonstrar a luta dos professores, a educa\u00e7\u00e3o p\u00fablica e gratuita, a sa\u00fade, a aposentadoria, entre outros, s\u00e3o partes integrantes da luta do Sindicato, pelas quais foi criado e subsiste com a classe trabalhadora, os docentes presentes no 58\u00ba Conad, de forma democr\u00e1tica e concisa, aprofundaram a discuss\u00e3o e t omaram as delibera\u00e7\u00f5es[&#8230;]\u201d.<\/p>\n<p>Entre as decis\u00f5es tomadas pelo 58\u00ba Conad, foram deliberadas v\u00e1rias quest\u00f5es relacionadas \u00e0 organiza\u00e7\u00e3o e fortalecimento do Sindicato Nacional; ci\u00eancia e tecnologia; \u00e0 proposta de Projeto de Lei de Iniciativa Popular da Comunica\u00e7\u00e3o Social Eletr\u00f4nica \u2013 Lei da M\u00eddia Democr\u00e1tica -; luta contra o Plano Nacional de Educa\u00e7\u00e3o (PNE), a Ebserh, o Funpresp; dar continuidade \u00e0s lutas articuladas conjuntamente com os demais servidores p\u00fablicos federais e no \u00e2mbito do Espa\u00e7o de Unidade de A\u00e7\u00e3o, al\u00e9m de fortalecer o Cnesf, o F\u00f3rum Nacional de Entidades dos SPF.\u00a0<a href=\"http:\/\/portal.andes.org.br\/imprensa\/noticias\/imp-ult-1511350333.pdf\" target=\"_blank\"><strong>(confira a Carta de Santa Maria na \u00edntegra)<\/strong><\/a><\/p>\n<p>Tamb\u00e9m foi aprovado um calend\u00e1rio de lutas para o segundo semestre de 2013, com \u00eanfase no dia 6 de agosto \u2013 Dia Nacional de Atos nos Estados e no DF contra o PL 4330 sobre terceiriza\u00e7\u00e3o \u2013 e dia 30 de agosto \u2013 Dia Nacional de Paralisa\u00e7\u00f5es, Manifesta\u00e7\u00f5es e Greves -, convocado pelas centrais sindicais.<\/p>\n<p>Ao final, o documento afirma que o 58\u00ba Conad cumpriu seu papel de conselho fiscal e a tarefa designada pelo 32\u00ba Congresso de atualizar o plano de lutas para todos os docentes organizados na base do ANDES-SN. \u201cTodas as suas resolu\u00e7\u00f5es referendam e aprofundam as tarefas que lhe foram designadas. O 58\u00ba CONAD, neste momento em que as lutas no Brasil recrudescem com o povo nas ruas, tem claro qual \u00e9 o papel dos docentes: ampliar os nossos esfor\u00e7os na defesa de uma organiza\u00e7\u00e3o sindical aut\u00ffnoma e classista com o conjunto dos trabalhadores; aprofundar nossa rela\u00e7\u00e3o pol\u00edtica com todos os professores; implementar nossa luta pelo avan\u00e7o cont\u00ednuo de nossas propostas de luta, pela educa\u00e7\u00e3o, sa\u00fade, direitos do trabalho, ci\u00eancia e tecnologia expressos no plano de lutas do Sindicato\u201d.<\/p>\n<p>Nesta quinta-feira (25), o documento foi encaminhado por meio da circular n\u00ba 126\/2013, para as Se\u00e7\u00f5es Sindicais, Secretarias Regionais e diretores do ANDES-SN.<\/p>\n<p><em>Fonte:\u00a0ANDES-SN<\/em><\/p>\n","protected":false},"excerpt":{"rendered":"<p>A Carta de Santa Maria, documento pol\u00edtico que traz a s\u00edntese das delibera\u00e7\u00f5es do 58\u00ba Conselho do ANDES-SN (Conad), realizado entre 18 e 21 de julho em Santa Maria (RS), foi divulgada pelo Sindicato Nacional e est\u00e1 dispon\u00edvel para leitura. Al\u00e9m das resolu\u00e7\u00f5es do Conselho, o texto tamb\u00e9m fala sobre os desafios para o pr\u00f3ximo&hellip;<\/p>\n","protected":false},"author":3,"featured_media":0,"comment_status":"open","ping_status":"open","sticky":false,"template":"","format":"standard","meta":{"footnotes":""},"categories":[15],"tags":[356,92,164],"class_list":["post-5492","post","type-post","status-publish","format-standard","hentry","category-noticias","tag-58o-conad","tag-andes","tag-conad","category-15","description-off"],"_links":{"self":[{"href":"https:\/\/www.adufpb.org.br\/site\/wp-json\/wp\/v2\/posts\/5492","targetHints":{"allow":["GET"]}}],"collection":[{"href":"https:\/\/www.adufpb.org.br\/site\/wp-json\/wp\/v2\/posts"}],"about":[{"href":"https:\/\/www.adufpb.org.br\/site\/wp-json\/wp\/v2\/types\/post"}],"author":[{"embeddable":true,"href":"https:\/\/www.adufpb.org.br\/site\/wp-json\/wp\/v2\/users\/3"}],"replies":[{"embeddable":true,"href":"https:\/\/www.adufpb.org.br\/site\/wp-json\/wp\/v2\/comments?post=5492"}],"version-history":[{"count":1,"href":"https:\/\/www.adufpb.org.br\/site\/wp-json\/wp\/v2\/posts\/5492\/revisions"}],"predecessor-version":[{"id":5493,"href":"https:\/\/www.adufpb.org.br\/site\/wp-json\/wp\/v2\/posts\/5492\/revisions\/5493"}],"wp:attachment":[{"href":"https:\/\/www.adufpb.org.br\/site\/wp-json\/wp\/v2\/media?parent=5492"}],"wp:term":[{"taxonomy":"category","embeddable":true,"href":"https:\/\/www.adufpb.org.br\/site\/wp-json\/wp\/v2\/categories?post=5492"},{"taxonomy":"post_tag","embeddable":true,"href":"https:\/\/www.adufpb.org.br\/site\/wp-json\/wp\/v2\/tags?post=5492"}],"curies":[{"name":"wp","href":"https:\/\/api.w.org\/{rel}","templated":true}]}}