{"id":5450,"date":"2013-07-23T15:57:39","date_gmt":"2013-07-23T19:57:39","guid":{"rendered":"http:\/\/www.adufpb.org.br\/site\/?p=5450"},"modified":"2013-07-23T15:57:39","modified_gmt":"2013-07-23T19:57:39","slug":"professores-do-litoral-norte-vao-votar-em-joao-pessoa","status":"publish","type":"post","link":"https:\/\/www.adufpb.org.br\/site\/professores-do-litoral-norte-vao-votar-em-joao-pessoa\/","title":{"rendered":"Professores do Litoral Norte v\u00e3o votar em Jo\u00e3o Pessoa"},"content":{"rendered":"<p>A Comiss\u00e3o Eleitoral respons\u00e1vel pelas elei\u00e7\u00f5es para a nova Diretoria Executiva da ADUFPB informa que as urnas para vota\u00e7\u00e3o dos professores do campus IV (Litoral Norte) ser\u00e3o instaladas na sede do Sindicato, localizada no Centro de Viv\u00eancia do campus I, em Jo\u00e3o Pessoa. A mudan\u00e7a foi necess\u00e1ria por causa da greve dos estudantes de Mamanguape e Rio Tinto, que j\u00e1 dura 15 dias e interrompeu todas as atividades da UFPB nesses dois munic\u00edpios. Em protesto contra a falta de assist\u00eancia estudantil, os alunos ocuparam pr\u00e9dios do campus e fecharam as entradas, impossibilitando, inclusive, na \u00faltima segunda-feira (22\/7), a realiza\u00e7\u00e3o do debate entre as duas chapas que concorrem na elei\u00e7\u00e3o da ADUFPB.<\/p>\n<p>Cerca de 2,4 mil professores sindicalizados, entre ativos e aposentados, est\u00e3o aptos a votarem nesta quarta-feira (24\/7) para escolher a nova Diretoria Executiva e o novo Conselho de Representantes da se\u00e7\u00e3o sindical. A vota\u00e7\u00e3o ser\u00e1 realizada em Jo\u00e3o Pessoa, Areia e Bananeiras, das 8h \u00e0s 18h, nos centros onde funcionam apenas cursos diurnos, e das 8h \u00e0s 20h, nos centros onde h\u00e1 cursos noturnos.<\/p>\n<p>A ADUFPB vai distribuir 17 urnas pelos diversos centros de ensino da Universidade Federal da Para\u00edba (veja abaixo a rela\u00e7\u00e3o completa). A apura\u00e7\u00e3o dos votos est\u00e1 prevista para come\u00e7ar \u00e0s 21h, na sede do sindicato e o resultado deve sair no mesmo dia.<\/p>\n<p>O processo para vota\u00e7\u00e3o \u00e9 simples. Basta dirigir-se \u00e0 urna destinada ao seu Centro de Ensino e apresentar um documento de identidade (como carteira de identidade, de motorista ou do sindicato). Todos os 2.421 associados da ADUFPB podem votar, contanto que estejam em dia com a contribui\u00e7\u00e3o sindical. No caso dos professores rec\u00e9m-associados, que receberam o primeiro desconto este m\u00eas, \u00e9 importante levar o contracheque para comprovar a contribui\u00e7\u00e3o.<\/p>\n<p>As urnas estar\u00e3o nos seguintes locais:<br \/>\nCCHLA<br \/>\nCCJ<br \/>\nCT<br \/>\nCE<br \/>\nCCSA<br \/>\nCCS<br \/>\nCCEN<br \/>\nCCM<br \/>\nCCTA<br \/>\nCEAR<br \/>\nCTDR<br \/>\nC INFORMATICA<br \/>\nC BIOTECNOLOGIA<br \/>\nCCJUR<br \/>\nREITORIA<br \/>\nCCA (AREIA)<br \/>\nCCHSA (BANANEIRAS)<br \/>\nLITORAL NORTE (Sede da ADUFPB)<\/p>\n<p><em>Fonte: Ascom ADUFPB<\/em><\/p>\n","protected":false},"excerpt":{"rendered":"<p>A Comiss\u00e3o Eleitoral respons\u00e1vel pelas elei\u00e7\u00f5es para a nova Diretoria Executiva da ADUFPB informa que as urnas para vota\u00e7\u00e3o dos professores do campus IV (Litoral Norte) ser\u00e3o instaladas na sede do Sindicato, localizada no Centro de Viv\u00eancia do campus I, em Jo\u00e3o Pessoa. A mudan\u00e7a foi necess\u00e1ria por causa da greve dos estudantes de Mamanguape&hellip;<\/p>\n","protected":false},"author":3,"featured_media":0,"comment_status":"open","ping_status":"open","sticky":false,"template":"","format":"standard","meta":{"footnotes":""},"categories":[15],"tags":[361],"class_list":["post-5450","post","type-post","status-publish","format-standard","hentry","category-noticias","tag-eleicao-adufpb","category-15","description-off"],"_links":{"self":[{"href":"https:\/\/www.adufpb.org.br\/site\/wp-json\/wp\/v2\/posts\/5450","targetHints":{"allow":["GET"]}}],"collection":[{"href":"https:\/\/www.adufpb.org.br\/site\/wp-json\/wp\/v2\/posts"}],"about":[{"href":"https:\/\/www.adufpb.org.br\/site\/wp-json\/wp\/v2\/types\/post"}],"author":[{"embeddable":true,"href":"https:\/\/www.adufpb.org.br\/site\/wp-json\/wp\/v2\/users\/3"}],"replies":[{"embeddable":true,"href":"https:\/\/www.adufpb.org.br\/site\/wp-json\/wp\/v2\/comments?post=5450"}],"version-history":[{"count":1,"href":"https:\/\/www.adufpb.org.br\/site\/wp-json\/wp\/v2\/posts\/5450\/revisions"}],"predecessor-version":[{"id":5451,"href":"https:\/\/www.adufpb.org.br\/site\/wp-json\/wp\/v2\/posts\/5450\/revisions\/5451"}],"wp:attachment":[{"href":"https:\/\/www.adufpb.org.br\/site\/wp-json\/wp\/v2\/media?parent=5450"}],"wp:term":[{"taxonomy":"category","embeddable":true,"href":"https:\/\/www.adufpb.org.br\/site\/wp-json\/wp\/v2\/categories?post=5450"},{"taxonomy":"post_tag","embeddable":true,"href":"https:\/\/www.adufpb.org.br\/site\/wp-json\/wp\/v2\/tags?post=5450"}],"curies":[{"name":"wp","href":"https:\/\/api.w.org\/{rel}","templated":true}]}}