{"id":5401,"date":"2013-07-15T19:20:56","date_gmt":"2013-07-15T23:20:56","guid":{"rendered":"http:\/\/www.adufpb.org.br\/site\/?p=5401"},"modified":"2013-07-15T19:25:08","modified_gmt":"2013-07-15T23:25:08","slug":"dia-de-votacao-e-locais-para-votacao","status":"publish","type":"post","link":"https:\/\/www.adufpb.org.br\/site\/dia-de-votacao-e-locais-para-votacao\/","title":{"rendered":"Elei\u00e7\u00f5es 2013: Dia de vota\u00e7\u00e3o e locais para vota\u00e7\u00e3o"},"content":{"rendered":"<p>Os professores sindicalizados \u00e0 ADUFPB escolhem no dia 24 de julho a pr\u00f3xima Diretoria Executiva e o novo Conselho de Representantes da sess\u00e3o sindical. A vota\u00e7\u00e3o ser\u00e1 realizada nos quatro campi (Jo\u00e3o Pessoa, Litoral Norte, Areia e Bananeiras), das 8h \u00e0s 18h, nos centros onde funcionam apenas cursos diurnos, e das 8h \u00e0s 20h, nos centros onde h\u00e1 cursos noturnos.<\/p>\n","protected":false},"excerpt":{"rendered":"<p>Os professores sindicalizados \u00e0 ADUFPB escolhem no dia 24 de julho a pr\u00f3xima Diretoria Executiva e o novo Conselho de Representantes da sess\u00e3o sindical. A vota\u00e7\u00e3o ser\u00e1 realizada nos quatro campi (Jo\u00e3o Pessoa, Litoral Norte, Areia e Bananeiras), das 8h \u00e0s 18h, nos centros onde funcionam apenas cursos diurnos, e das 8h \u00e0s 20h, nos&hellip;<\/p>\n","protected":false},"author":1,"featured_media":0,"comment_status":"open","ping_status":"open","sticky":false,"template":"","format":"standard","meta":{"footnotes":""},"categories":[362],"tags":[],"class_list":["post-5401","post","type-post","status-publish","format-standard","hentry","category-eleicoes-2","category-362","description-off"],"_links":{"self":[{"href":"https:\/\/www.adufpb.org.br\/site\/wp-json\/wp\/v2\/posts\/5401","targetHints":{"allow":["GET"]}}],"collection":[{"href":"https:\/\/www.adufpb.org.br\/site\/wp-json\/wp\/v2\/posts"}],"about":[{"href":"https:\/\/www.adufpb.org.br\/site\/wp-json\/wp\/v2\/types\/post"}],"author":[{"embeddable":true,"href":"https:\/\/www.adufpb.org.br\/site\/wp-json\/wp\/v2\/users\/1"}],"replies":[{"embeddable":true,"href":"https:\/\/www.adufpb.org.br\/site\/wp-json\/wp\/v2\/comments?post=5401"}],"version-history":[{"count":2,"href":"https:\/\/www.adufpb.org.br\/site\/wp-json\/wp\/v2\/posts\/5401\/revisions"}],"predecessor-version":[{"id":5408,"href":"https:\/\/www.adufpb.org.br\/site\/wp-json\/wp\/v2\/posts\/5401\/revisions\/5408"}],"wp:attachment":[{"href":"https:\/\/www.adufpb.org.br\/site\/wp-json\/wp\/v2\/media?parent=5401"}],"wp:term":[{"taxonomy":"category","embeddable":true,"href":"https:\/\/www.adufpb.org.br\/site\/wp-json\/wp\/v2\/categories?post=5401"},{"taxonomy":"post_tag","embeddable":true,"href":"https:\/\/www.adufpb.org.br\/site\/wp-json\/wp\/v2\/tags?post=5401"}],"curies":[{"name":"wp","href":"https:\/\/api.w.org\/{rel}","templated":true}]}}