{"id":5391,"date":"2013-07-15T19:16:51","date_gmt":"2013-07-15T23:16:51","guid":{"rendered":"http:\/\/www.adufpb.org.br\/site\/?p=5391"},"modified":"2013-07-15T22:09:02","modified_gmt":"2013-07-16T02:09:02","slug":"debates-com-candidatos","status":"publish","type":"post","link":"https:\/\/www.adufpb.org.br\/site\/debates-com-candidatos\/","title":{"rendered":"Elei\u00e7\u00f5es 2013: Debates com Candidatos"},"content":{"rendered":"<p>Este ano, o processo eleitoral da ADUFPB vai contar com uma rodada de debates para que os associados possam conhecer melhor as duas chapas, questionar e comparar melhor as propostas de campanha. Os eventos ser\u00e3o realizados nos quatro campi na pr\u00f3xima semana.<br \/>\nNa ter\u00e7a-feira (16\/7), o debate ocorrer\u00e1 em Bananeiras (das 9h30 \u00e0s 11h30) e em Areia (das 14h30 \u00e0s 16h30). J\u00e1 na quinta-feira (18\/7), ser\u00e1 a vez de Jo\u00e3o Pessoa (das 9h30 \u00e0s 11h30) e Litoral Norte (das 19h \u00e0s 21h). Na capital, o debate acontecer\u00e1 no audit\u00f3rio do CCHLA e, nos demais campi, nas unidades locais da ADUFPB.<\/p>\n<p>Confira quem s\u00e3o os candidatos das chapas 1 e 2<\/p>\n<p><a href=\"http:\/\/www.adufpb.org.br\/site\/eleicoes-2013-candidatos-chapa-1-unidade-e-luta-10-do-pib-para-a-educacao\/\">Candidatos Chapa 1 \u00a0&#8211; \u201cUnidade e luta: 10% do PIB para a educa\u00e7\u00e3o\u201d<\/a><br \/>\n<a href=\"http:\/\/www.adufpb.org.br\/site\/eleicoes-adufpb-candidatos-chapa-2-o-novo-sempre-vem\/\">Candidatos chapa 2 &#8211; \u201co novo sempre vem\u201d<\/a><\/p>\n","protected":false},"excerpt":{"rendered":"<p>Este ano, o processo eleitoral da ADUFPB vai contar com uma rodada de debates para que os associados possam conhecer melhor as duas chapas, questionar e comparar melhor as propostas de campanha. Os eventos ser\u00e3o realizados nos quatro campi na pr\u00f3xima semana. Na ter\u00e7a-feira (16\/7), o debate ocorrer\u00e1 em Bananeiras (das 9h30 \u00e0s 11h30) e&hellip;<\/p>\n","protected":false},"author":1,"featured_media":0,"comment_status":"open","ping_status":"open","sticky":false,"template":"","format":"standard","meta":{"footnotes":""},"categories":[362],"tags":[],"class_list":["post-5391","post","type-post","status-publish","format-standard","hentry","category-eleicoes-2","category-362","description-off"],"_links":{"self":[{"href":"https:\/\/www.adufpb.org.br\/site\/wp-json\/wp\/v2\/posts\/5391","targetHints":{"allow":["GET"]}}],"collection":[{"href":"https:\/\/www.adufpb.org.br\/site\/wp-json\/wp\/v2\/posts"}],"about":[{"href":"https:\/\/www.adufpb.org.br\/site\/wp-json\/wp\/v2\/types\/post"}],"author":[{"embeddable":true,"href":"https:\/\/www.adufpb.org.br\/site\/wp-json\/wp\/v2\/users\/1"}],"replies":[{"embeddable":true,"href":"https:\/\/www.adufpb.org.br\/site\/wp-json\/wp\/v2\/comments?post=5391"}],"version-history":[{"count":3,"href":"https:\/\/www.adufpb.org.br\/site\/wp-json\/wp\/v2\/posts\/5391\/revisions"}],"predecessor-version":[{"id":5413,"href":"https:\/\/www.adufpb.org.br\/site\/wp-json\/wp\/v2\/posts\/5391\/revisions\/5413"}],"wp:attachment":[{"href":"https:\/\/www.adufpb.org.br\/site\/wp-json\/wp\/v2\/media?parent=5391"}],"wp:term":[{"taxonomy":"category","embeddable":true,"href":"https:\/\/www.adufpb.org.br\/site\/wp-json\/wp\/v2\/categories?post=5391"},{"taxonomy":"post_tag","embeddable":true,"href":"https:\/\/www.adufpb.org.br\/site\/wp-json\/wp\/v2\/tags?post=5391"}],"curies":[{"name":"wp","href":"https:\/\/api.w.org\/{rel}","templated":true}]}}