{"id":5375,"date":"2013-07-15T11:42:13","date_gmt":"2013-07-15T15:42:13","guid":{"rendered":"http:\/\/www.adufpb.org.br\/site\/?p=5375"},"modified":"2013-07-15T11:42:34","modified_gmt":"2013-07-15T15:42:34","slug":"eleicao-na-adufpb-debates-estao-suspensos","status":"publish","type":"post","link":"https:\/\/www.adufpb.org.br\/site\/eleicao-na-adufpb-debates-estao-suspensos\/","title":{"rendered":"Elei\u00e7\u00e3o na ADUFPB: debates est\u00e3o suspensos"},"content":{"rendered":"<p>A Comiss\u00e3o Eleitoral que organiza o processo eleitoral para escolha da nova Diretoria Executiva da ADUFPB informa que foram suspensos os debates entre chapas que seriam realizados ter\u00e7a-feira (16\/7) e quinta-feira (18\/8) nos campi de Bananeiras, Areia, Jo\u00e3o Pessoa e Litoral Norte. Uma nova data ser\u00e1 divulgada.<\/p>\n","protected":false},"excerpt":{"rendered":"<p>A Comiss\u00e3o Eleitoral que organiza o processo eleitoral para escolha da nova Diretoria Executiva da ADUFPB informa que foram suspensos os debates entre chapas que seriam realizados ter\u00e7a-feira (16\/7) e quinta-feira (18\/8) nos campi de Bananeiras, Areia, Jo\u00e3o Pessoa e Litoral Norte. Uma nova data ser\u00e1 divulgada.<\/p>\n","protected":false},"author":3,"featured_media":0,"comment_status":"open","ping_status":"open","sticky":false,"template":"","format":"standard","meta":{"footnotes":""},"categories":[15],"tags":[361],"class_list":["post-5375","post","type-post","status-publish","format-standard","hentry","category-noticias","tag-eleicao-adufpb","category-15","description-off"],"_links":{"self":[{"href":"https:\/\/www.adufpb.org.br\/site\/wp-json\/wp\/v2\/posts\/5375","targetHints":{"allow":["GET"]}}],"collection":[{"href":"https:\/\/www.adufpb.org.br\/site\/wp-json\/wp\/v2\/posts"}],"about":[{"href":"https:\/\/www.adufpb.org.br\/site\/wp-json\/wp\/v2\/types\/post"}],"author":[{"embeddable":true,"href":"https:\/\/www.adufpb.org.br\/site\/wp-json\/wp\/v2\/users\/3"}],"replies":[{"embeddable":true,"href":"https:\/\/www.adufpb.org.br\/site\/wp-json\/wp\/v2\/comments?post=5375"}],"version-history":[{"count":2,"href":"https:\/\/www.adufpb.org.br\/site\/wp-json\/wp\/v2\/posts\/5375\/revisions"}],"predecessor-version":[{"id":5377,"href":"https:\/\/www.adufpb.org.br\/site\/wp-json\/wp\/v2\/posts\/5375\/revisions\/5377"}],"wp:attachment":[{"href":"https:\/\/www.adufpb.org.br\/site\/wp-json\/wp\/v2\/media?parent=5375"}],"wp:term":[{"taxonomy":"category","embeddable":true,"href":"https:\/\/www.adufpb.org.br\/site\/wp-json\/wp\/v2\/categories?post=5375"},{"taxonomy":"post_tag","embeddable":true,"href":"https:\/\/www.adufpb.org.br\/site\/wp-json\/wp\/v2\/tags?post=5375"}],"curies":[{"name":"wp","href":"https:\/\/api.w.org\/{rel}","templated":true}]}}