{"id":5357,"date":"2013-07-10T14:50:39","date_gmt":"2013-07-10T18:50:39","guid":{"rendered":"http:\/\/www.adufpb.org.br\/site\/?p=5357"},"modified":"2013-07-10T14:50:39","modified_gmt":"2013-07-10T18:50:39","slug":"dia-de-lutas-trabalhadores-fazem-paralisacao-geral-nesta-quinta-feira-117","status":"publish","type":"post","link":"https:\/\/www.adufpb.org.br\/site\/dia-de-lutas-trabalhadores-fazem-paralisacao-geral-nesta-quinta-feira-117\/","title":{"rendered":"Dia de Lutas: trabalhadores fazem paralisa\u00e7\u00e3o geral nesta quinta-feira (11\/7)"},"content":{"rendered":"<p><a href=\"http:\/\/www.adufpb.org.br\/site\/wp-content\/uploads\/2013\/07\/11-de-julho-Dia-de-Lutas.jpg\"><img loading=\"lazy\" decoding=\"async\" class=\"alignleft size-full wp-image-5304\" title=\"11 de julho - Dia de Lutas\" src=\"http:\/\/www.adufpb.org.br\/site\/wp-content\/uploads\/2013\/07\/11-de-julho-Dia-de-Lutas.jpg\" alt=\"\" width=\"214\" height=\"300\" \/><\/a>Diversas categorias de trabalhadores de todos o pa\u00eds v\u00e3o aderir \u00e0 paralisa\u00e7\u00e3o geral convocada pelas Centrais Sindicais para esta quinta-feira, 11\/7. Na Para\u00edba, o Dia de Lutas vai contar com a ades\u00e3o dos professores e dos funcion\u00e1rios das universidades federais da Para\u00edba (UFPB) e de Campina Grande (UFCG).<\/p>\n<p>Em Jo\u00e3o Pessoa, \u00e0s 7h30, a ADUFPB e o Sintespb (Sindicato dos Trabalhadores em Ensino Superior da Para\u00edba) realizam um ato p\u00fablico no ambulat\u00f3rio do Hospital Universit\u00e1rio Lauro Wanderley, no campus I da UFPB, para convidar a popula\u00e7\u00e3o que utiliza o servi\u00e7o a conhecer as bandeiras de luta dos trabalhadores e a apoiar o movimento.<\/p>\n<p>\u00c0 tarde, haver\u00e1 um grande protesto no Centro de Jo\u00e3o Pessoa, com concentra\u00e7\u00e3o \u00e0s 14h30, na Lagoa do Parque Solon de Lucena. De l\u00e1, os manifestantes v\u00e3o seguir em marcha at\u00e9 a Pra\u00e7a dos Tr\u00eas Poderes, passando pelas esta\u00e7\u00f5es Ferrovi\u00e1ria e Rodovi\u00e1ria.<\/p>\n<p>Em Campina Grande, os docentes da UFGC tamb\u00e9m programaram manifesta\u00e7\u00f5es nas ruas da cidade.<\/p>\n<p><em>Fonte: Ascom ADUFPB<\/em><\/p>\n","protected":false},"excerpt":{"rendered":"<p>Diversas categorias de trabalhadores de todos o pa\u00eds v\u00e3o aderir \u00e0 paralisa\u00e7\u00e3o geral convocada pelas Centrais Sindicais para esta quinta-feira, 11\/7. Na Para\u00edba, o Dia de Lutas vai contar com a ades\u00e3o dos professores e dos funcion\u00e1rios das universidades federais da Para\u00edba (UFPB) e de Campina Grande (UFCG). Em Jo\u00e3o Pessoa, \u00e0s 7h30, a ADUFPB&hellip;<\/p>\n","protected":false},"author":3,"featured_media":0,"comment_status":"open","ping_status":"open","sticky":false,"template":"","format":"standard","meta":{"footnotes":""},"categories":[15],"tags":[357],"class_list":["post-5357","post","type-post","status-publish","format-standard","hentry","category-noticias","tag-dia-de-lutas","category-15","description-off"],"_links":{"self":[{"href":"https:\/\/www.adufpb.org.br\/site\/wp-json\/wp\/v2\/posts\/5357","targetHints":{"allow":["GET"]}}],"collection":[{"href":"https:\/\/www.adufpb.org.br\/site\/wp-json\/wp\/v2\/posts"}],"about":[{"href":"https:\/\/www.adufpb.org.br\/site\/wp-json\/wp\/v2\/types\/post"}],"author":[{"embeddable":true,"href":"https:\/\/www.adufpb.org.br\/site\/wp-json\/wp\/v2\/users\/3"}],"replies":[{"embeddable":true,"href":"https:\/\/www.adufpb.org.br\/site\/wp-json\/wp\/v2\/comments?post=5357"}],"version-history":[{"count":1,"href":"https:\/\/www.adufpb.org.br\/site\/wp-json\/wp\/v2\/posts\/5357\/revisions"}],"predecessor-version":[{"id":5358,"href":"https:\/\/www.adufpb.org.br\/site\/wp-json\/wp\/v2\/posts\/5357\/revisions\/5358"}],"wp:attachment":[{"href":"https:\/\/www.adufpb.org.br\/site\/wp-json\/wp\/v2\/media?parent=5357"}],"wp:term":[{"taxonomy":"category","embeddable":true,"href":"https:\/\/www.adufpb.org.br\/site\/wp-json\/wp\/v2\/categories?post=5357"},{"taxonomy":"post_tag","embeddable":true,"href":"https:\/\/www.adufpb.org.br\/site\/wp-json\/wp\/v2\/tags?post=5357"}],"curies":[{"name":"wp","href":"https:\/\/api.w.org\/{rel}","templated":true}]}}