{"id":5355,"date":"2013-07-09T17:26:12","date_gmt":"2013-07-09T21:26:12","guid":{"rendered":"http:\/\/www.adufpb.org.br\/site\/?p=5355"},"modified":"2013-07-09T17:26:12","modified_gmt":"2013-07-09T21:26:12","slug":"secoes-sindicais-do-andes-sn-se-somam-as-manifestacoes-do-dia-11-de-julho","status":"publish","type":"post","link":"https:\/\/www.adufpb.org.br\/site\/secoes-sindicais-do-andes-sn-se-somam-as-manifestacoes-do-dia-11-de-julho\/","title":{"rendered":"Se\u00e7\u00f5es Sindicais do ANDES-SN se somam \u00e0s manifesta\u00e7\u00f5es do dia 11 de julho"},"content":{"rendered":"<p><a href=\"http:\/\/www.adufpb.org.br\/site\/wp-content\/uploads\/2013\/07\/11-de-julho-Dia-de-Lutas.jpg\"><img loading=\"lazy\" decoding=\"async\" class=\"alignleft size-full wp-image-5304\" title=\"11 de julho - Dia de Lutas\" src=\"http:\/\/www.adufpb.org.br\/site\/wp-content\/uploads\/2013\/07\/11-de-julho-Dia-de-Lutas.jpg\" alt=\"\" width=\"214\" height=\"300\" \/><\/a>Em todo o Brasil, o dia 11 de julho ser\u00e1 marcado por greves, mobiliza\u00e7\u00f5es e outras atividades reivindicat\u00f3rias, em virtude do Dia Nacional de Lutas organizado pelas oito centrais sindicais brasileiras (CSP-Conlutas, CUT, UGT, For\u00e7a Sindical, CGTB, CTB, CSB e NCST), com a participa\u00e7\u00e3o do MST, Dieese, F\u00f3rum das Entidades Nacionais dos Servidores P\u00fablicos Federais (SPF) e outros setores articulados no \u00e2mbito do Espa\u00e7o de Unidade de A\u00e7\u00e3o.<\/p>\n<p>Seguindo orienta\u00e7\u00e3o do ANDES-SN, v\u00e1rias se\u00e7\u00f5es sindicais j\u00e1 se somam \u00e0s atividades marcadas para o dia 11 de julho nas suas cidades e estados, agregando reivindica\u00e7\u00f5es espec\u00edficas dos docentes \u00e0s bandeiras unificadas da classe trabalhadora que comp\u00f5em a pauta geral do Dia Nacional de Lutas.<\/p>\n<p>Confira abaixo algumas se\u00e7\u00f5es sindicais j\u00e1 informaram ao Sindicato Nacional a ades\u00e3o \u00e0 paralisa\u00e7\u00e3o e realiza\u00e7\u00e3o de atividades locais: Adufepe (PE), Adufpb (PB), Adufmat (MT), Adufpel (Pelotas-RS), Adua (AM), Aduern (RN), Adufpa (PA), Adcesp (PI), Sedufsm (Santa Maria-RS), Sindunivasf (Vale do S\u00e3o Francisco \u2013 PE), Adurj (RJ), Aduff (RJ), Asduerj (RJ), Adusb (BA), Adufes (ES), Adufcg (PB). V\u00e1rias se\u00e7\u00f5es sindicais realizam assembleia segunda (8), para decidir como integrar os atos no dia 11.<\/p>\n<p><strong>Pernambuco:<\/strong> A Adufepe (SSind) deliberou pela paralisa\u00e7\u00e3o, com mobiliza\u00e7\u00e3o em frente a entrada do campus Recife, a partir das 9h.<\/p>\n<p><span style=\"background-color: #ffffff; color: #ff0000;\"><strong>Para\u00edba: A Adufpb adere \u00e0 paralisa\u00e7\u00e3o com realiza\u00e7\u00e3o de ato no centro de Jo\u00e3o Pessoa (PB), junto com outras categorias. Em Campina Grande, os docentes da UFGC tamb\u00e9m devem realizar manifesta\u00e7\u00e3o nas ruas da cidade.<\/strong><\/span><\/p>\n<p><span style=\"background-color: #ffffff;\"><strong>Vit\u00f3ria da Conquista (BA):<\/strong> Por delibera\u00e7\u00e3o da assembleia, a Adusb participa de um f\u00f3rum que re\u00fane diversas entidades e est\u00e1 organizando atividade conjunta para marcar o dia de paralisa\u00e7\u00e3o na cidade.<\/span><\/p>\n<p><strong>Esp\u00edrito Santo:<\/strong> Os professores da Ufes decidiram suspender as atividades no dia 11 de julho. A decis\u00e3o da categoria foi tomada em Assembleia Geral nesta quinta-feira (4), na sede do sindicato, no campus de Goiabeiras (Ufes), em Vit\u00f3ria. Al\u00e9m da paralisa\u00e7\u00e3o, os docentes tamb\u00e9 m devem realizar uma s\u00e9rie de atividades e reuni\u00f5es at\u00e9 o dia 11, entre elas, uma palestra sobre a conjuntura pol\u00edtica nacional, a integra\u00e7\u00e3o \u00e0s manifesta\u00e7\u00f5es e os desafios colocados para classe trabalhadora e as organiza\u00e7\u00f5es sociais e populares e uma reuni\u00e3o para discutir estrat\u00e9gias de mobiliza\u00e7\u00e3o para o dia 11.<\/p>\n<p><strong>Rio Grande do Norte:<\/strong> Os professores e estudantes da Universidade do Estado do Rio Grande do Norte (Uern) decidiram paralisar as atividades no pr\u00f3ximo dia 11 de julho. A paralisa\u00e7\u00e3o foi deliberada em conjunto pela e pelo DCE da institui\u00e7\u00e3o. J\u00e1 os professores e estudantes da Uern entram na luta por uma universidade de qualidade, p\u00fablica, gratuita, por mais verbas, melhores condi\u00e7\u00f5es de trabalho, infraestrutura decente e assist\u00eancia estudantil digna. Em Mossor\u00f3, a agenda de atividades est\u00e1 sendo constru\u00edda em conjunto com outras entidades e dever\u00e1 ser definida na pr\u00f3xima segunda-feira, 8.<\/p>\n<p><strong>Par\u00e1:<\/strong> Os professores da UFPA devem paralisar suas atividades por 24 horas no pr\u00f3ximo dia 11 de julho. A decis\u00e3o foi tomada em assembleia geral da Adufpa na manh\u00e3 desta quinta-feira (4), que analisou a conjuntura e destacou a necessidade da categoria aderir \u00e0 paralisa\u00e7\u00e3o e fortalecer este processo de luta. Oo dia de paralisa\u00e7\u00e3o ser\u00e1 marcado por mobiliza\u00e7\u00f5es no \u00e2mbito da UFPA, al\u00e9m de um ato p\u00fablico em conjunto com as diversas categorias em luta, que deve ocorrer no dia 11 de julho nas ruas do centro de Bel\u00e9m.<\/p>\n<p><strong>Piau\u00ed:<\/strong> Os docentes da Uespi avaliaram que n\u00e3o valeria a pena parar as atividades no dia 11, pois nesta data o semestre letivo j\u00e1 estar\u00e1 encerrado, mas ir\u00e3o participar das atividades realizadas em conjunto com as outras entidades. A principal atividade do dia 11 j\u00e1 agendada \u00e9 o Ato P\u00fablico que acontecer\u00e1 14h30 na pra\u00e7a da liberdade, no centro de Teresina, para onde os docentes levar\u00e3o suas pautas de reivindica\u00e7\u00e3o.<\/p>\n<p><strong>Santa Maria (RS):<\/strong> Os professores da UFSM ir\u00e3o se juntar aos demais trabalhadores da \u00e1rea p\u00fablica e privada de Santa Maria, que preparam um dia de intensas manifesta\u00e7\u00f5es para o dia 11 de julho. As manifesta\u00e7\u00f5es do dia 11 de julho come\u00e7am a partir das 9h na principal pra\u00e7a da cidade, a Saldanha Marinho, e encerra \u00e0s 17h com a realiza\u00e7\u00e3o de uma marcha pelas principais ruas e avenidas da cidade.<\/p>\n<p><strong>Rio de Janeiro:<\/strong> os professores ir\u00e3o \u00e0s ruas para lutar pelas demandas expressas nas manifesta\u00e7\u00f5es que sacudiram o Brasil (investimentos na sa\u00fade e na educa\u00e7\u00e3o p\u00fablica, qualidade dos transportes e dos servi\u00e7os p\u00fablicos), mas tamb\u00e9m por sua pauta espec\u00edfica (carreira, condi\u00e7\u00f5es de trabalho, sal\u00e1rio) relacionada ao quadro geral de dificuldades dos trabalhadores no pa\u00eds. As atividades come\u00e7am \u00e0s 13h, com concentra\u00e7\u00e3o espec\u00edfica dos setores da educa\u00e7\u00e3o e da sa\u00fade na Pra\u00e7a 15, a partir das 13h, com a \u201cUniversidade na Pra\u00e7a\u201d e \u201cSa\u00fade na Pra\u00e7a\u201d. Em seguida, trabalhadores dos dois setores ir\u00e3o se juntar aos demais trabalhadores no ato conjunto, cuja concentra\u00e7\u00e3o est\u00e1 prevista para as 17h na Candel\u00e1ria. A manifesta\u00e7\u00e3o deve reunir os docentes das universidades Federal do Rio de Janeiro (UFRJ), Federal Fluminense (UFF), do Estado do Rio de Janeiro (Unirio), Estadual do Rio de Janeiro (Uerj).<\/p>\n<p><em>Fonte: ANDES-SN<\/em><\/p>\n","protected":false},"excerpt":{"rendered":"<p>Em todo o Brasil, o dia 11 de julho ser\u00e1 marcado por greves, mobiliza\u00e7\u00f5es e outras atividades reivindicat\u00f3rias, em virtude do Dia Nacional de Lutas organizado pelas oito centrais sindicais brasileiras (CSP-Conlutas, CUT, UGT, For\u00e7a Sindical, CGTB, CTB, CSB e NCST), com a participa\u00e7\u00e3o do MST, Dieese, F\u00f3rum das Entidades Nacionais dos Servidores P\u00fablicos Federais&hellip;<\/p>\n","protected":false},"author":3,"featured_media":0,"comment_status":"open","ping_status":"open","sticky":false,"template":"","format":"standard","meta":{"footnotes":""},"categories":[15],"tags":[357],"class_list":["post-5355","post","type-post","status-publish","format-standard","hentry","category-noticias","tag-dia-de-lutas","category-15","description-off"],"_links":{"self":[{"href":"https:\/\/www.adufpb.org.br\/site\/wp-json\/wp\/v2\/posts\/5355","targetHints":{"allow":["GET"]}}],"collection":[{"href":"https:\/\/www.adufpb.org.br\/site\/wp-json\/wp\/v2\/posts"}],"about":[{"href":"https:\/\/www.adufpb.org.br\/site\/wp-json\/wp\/v2\/types\/post"}],"author":[{"embeddable":true,"href":"https:\/\/www.adufpb.org.br\/site\/wp-json\/wp\/v2\/users\/3"}],"replies":[{"embeddable":true,"href":"https:\/\/www.adufpb.org.br\/site\/wp-json\/wp\/v2\/comments?post=5355"}],"version-history":[{"count":1,"href":"https:\/\/www.adufpb.org.br\/site\/wp-json\/wp\/v2\/posts\/5355\/revisions"}],"predecessor-version":[{"id":5356,"href":"https:\/\/www.adufpb.org.br\/site\/wp-json\/wp\/v2\/posts\/5355\/revisions\/5356"}],"wp:attachment":[{"href":"https:\/\/www.adufpb.org.br\/site\/wp-json\/wp\/v2\/media?parent=5355"}],"wp:term":[{"taxonomy":"category","embeddable":true,"href":"https:\/\/www.adufpb.org.br\/site\/wp-json\/wp\/v2\/categories?post=5355"},{"taxonomy":"post_tag","embeddable":true,"href":"https:\/\/www.adufpb.org.br\/site\/wp-json\/wp\/v2\/tags?post=5355"}],"curies":[{"name":"wp","href":"https:\/\/api.w.org\/{rel}","templated":true}]}}