{"id":5255,"date":"2013-06-25T14:43:05","date_gmt":"2013-06-25T18:43:05","guid":{"rendered":"http:\/\/www.adufpb.org.br\/site\/?p=5255"},"modified":"2013-06-25T14:43:05","modified_gmt":"2013-06-25T18:43:05","slug":"nota-de-pesar-28","status":"publish","type":"post","link":"https:\/\/www.adufpb.org.br\/site\/nota-de-pesar-28\/","title":{"rendered":"Nota de Pesar"},"content":{"rendered":"<p><span style=\"font-size: large;\">A Diretoria Executiva da ADUFPB vem a p\u00fablico manifestar o seu profundo pesar pelo falecimento do professor aposentado e sindicalizado, RICARDO DUBINSKAS, do Departamento de Artes Visuais, <\/span><span style=\"font-size: large;\">do Centro de Comunica\u00e7\u00e3o, Turismo e Artes, da Universidade Federal da Para\u00edba.<\/span><\/p>\n<p><span style=\"font-size: large;\">Aos membros da fam\u00edlia e amigos, nossos p\u00easames.<\/span><\/p>\n<p style=\"text-align: center;\">Diretoria Executiva<\/p>\n<p style=\"text-align: center;\">ADUFPB<\/p>\n<p><em>O corpo est\u00e1 sendo velado no ROSA DE SARON (Jaguaribe)<\/em><\/p>\n","protected":false},"excerpt":{"rendered":"<p>A Diretoria Executiva da ADUFPB vem a p\u00fablico manifestar o seu profundo pesar pelo falecimento do professor aposentado e sindicalizado, RICARDO DUBINSKAS, do Departamento de Artes Visuais, do Centro de Comunica\u00e7\u00e3o, Turismo e Artes, da Universidade Federal da Para\u00edba. Aos membros da fam\u00edlia e amigos, nossos p\u00easames. Diretoria Executiva ADUFPB O corpo est\u00e1 sendo velado&hellip;<\/p>\n","protected":false},"author":3,"featured_media":0,"comment_status":"open","ping_status":"open","sticky":false,"template":"","format":"standard","meta":{"footnotes":""},"categories":[15],"tags":[],"class_list":["post-5255","post","type-post","status-publish","format-standard","hentry","category-noticias","category-15","description-off"],"_links":{"self":[{"href":"https:\/\/www.adufpb.org.br\/site\/wp-json\/wp\/v2\/posts\/5255","targetHints":{"allow":["GET"]}}],"collection":[{"href":"https:\/\/www.adufpb.org.br\/site\/wp-json\/wp\/v2\/posts"}],"about":[{"href":"https:\/\/www.adufpb.org.br\/site\/wp-json\/wp\/v2\/types\/post"}],"author":[{"embeddable":true,"href":"https:\/\/www.adufpb.org.br\/site\/wp-json\/wp\/v2\/users\/3"}],"replies":[{"embeddable":true,"href":"https:\/\/www.adufpb.org.br\/site\/wp-json\/wp\/v2\/comments?post=5255"}],"version-history":[{"count":1,"href":"https:\/\/www.adufpb.org.br\/site\/wp-json\/wp\/v2\/posts\/5255\/revisions"}],"predecessor-version":[{"id":5256,"href":"https:\/\/www.adufpb.org.br\/site\/wp-json\/wp\/v2\/posts\/5255\/revisions\/5256"}],"wp:attachment":[{"href":"https:\/\/www.adufpb.org.br\/site\/wp-json\/wp\/v2\/media?parent=5255"}],"wp:term":[{"taxonomy":"category","embeddable":true,"href":"https:\/\/www.adufpb.org.br\/site\/wp-json\/wp\/v2\/categories?post=5255"},{"taxonomy":"post_tag","embeddable":true,"href":"https:\/\/www.adufpb.org.br\/site\/wp-json\/wp\/v2\/tags?post=5255"}],"curies":[{"name":"wp","href":"https:\/\/api.w.org\/{rel}","templated":true}]}}