{"id":5246,"date":"2013-06-25T10:47:59","date_gmt":"2013-06-25T14:47:59","guid":{"rendered":"http:\/\/www.adufpb.org.br\/site\/?p=5246"},"modified":"2013-06-25T12:09:33","modified_gmt":"2013-06-25T16:09:33","slug":"professores-realizam-assembleia-nesta-quarta-feira-3","status":"publish","type":"post","link":"https:\/\/www.adufpb.org.br\/site\/professores-realizam-assembleia-nesta-quarta-feira-3\/","title":{"rendered":"Professores realizam assembleia nesta quarta-feira"},"content":{"rendered":"<p>Os professores da UFPB se re\u00fanem em assembleia geral nesta quarta-feira (26\/6). Em pauta: informes, elei\u00e7\u00f5es da ADUFPB, escolha de um delegado para participar do 58\u00ba Conad (Conselho do Andes-SN), condi\u00e7\u00f5es de trabalho e constru\u00e7\u00e3o da pauta local e encaminhamentos. A assembleia ser\u00e1 realizada no audit\u00f3rio 411 do CCHLA, no campus I da UFPB, a partir das 9h.<\/p>\n<p style=\"text-align: center;\"><a href=\"http:\/\/www.adufpb.org.br\/site\/wp-content\/uploads\/2013\/06\/CARTAZ-ASSEMBLEIA-26-DE-JUNHO-2013.jpg\"><img loading=\"lazy\" decoding=\"async\" class=\"aligncenter size-medium wp-image-5247\" title=\"CARTAZ ASSEMBLEIA 26 DE JUNHO 2013\" src=\"http:\/\/www.adufpb.org.br\/site\/wp-content\/uploads\/2013\/06\/CARTAZ-ASSEMBLEIA-26-DE-JUNHO-2013-300x211.jpg\" alt=\"\" width=\"300\" height=\"211\" srcset=\"https:\/\/www.adufpb.org.br\/site\/wp-content\/uploads\/2013\/06\/CARTAZ-ASSEMBLEIA-26-DE-JUNHO-2013-300x211.jpg 300w, https:\/\/www.adufpb.org.br\/site\/wp-content\/uploads\/2013\/06\/CARTAZ-ASSEMBLEIA-26-DE-JUNHO-2013-1024x721.jpg 1024w, https:\/\/www.adufpb.org.br\/site\/wp-content\/uploads\/2013\/06\/CARTAZ-ASSEMBLEIA-26-DE-JUNHO-2013.jpg 1755w\" sizes=\"auto, (max-width: 300px) 100vw, 300px\" \/><\/a><\/p>\n<p>&nbsp;<\/p>\n","protected":false},"excerpt":{"rendered":"<p>Os professores da UFPB se re\u00fanem em assembleia geral nesta quarta-feira (26\/6). Em pauta: informes, elei\u00e7\u00f5es da ADUFPB, escolha de um delegado para participar do 58\u00ba Conad (Conselho do Andes-SN), condi\u00e7\u00f5es de trabalho e constru\u00e7\u00e3o da pauta local e encaminhamentos. A assembleia ser\u00e1 realizada no audit\u00f3rio 411 do CCHLA, no campus I da UFPB, a&hellip;<\/p>\n","protected":false},"author":3,"featured_media":0,"comment_status":"open","ping_status":"open","sticky":false,"template":"","format":"standard","meta":{"footnotes":""},"categories":[15],"tags":[95,26],"class_list":["post-5246","post","type-post","status-publish","format-standard","hentry","category-noticias","tag-assembleias","tag-mobilizacao","category-15","description-off"],"_links":{"self":[{"href":"https:\/\/www.adufpb.org.br\/site\/wp-json\/wp\/v2\/posts\/5246","targetHints":{"allow":["GET"]}}],"collection":[{"href":"https:\/\/www.adufpb.org.br\/site\/wp-json\/wp\/v2\/posts"}],"about":[{"href":"https:\/\/www.adufpb.org.br\/site\/wp-json\/wp\/v2\/types\/post"}],"author":[{"embeddable":true,"href":"https:\/\/www.adufpb.org.br\/site\/wp-json\/wp\/v2\/users\/3"}],"replies":[{"embeddable":true,"href":"https:\/\/www.adufpb.org.br\/site\/wp-json\/wp\/v2\/comments?post=5246"}],"version-history":[{"count":2,"href":"https:\/\/www.adufpb.org.br\/site\/wp-json\/wp\/v2\/posts\/5246\/revisions"}],"predecessor-version":[{"id":5249,"href":"https:\/\/www.adufpb.org.br\/site\/wp-json\/wp\/v2\/posts\/5246\/revisions\/5249"}],"wp:attachment":[{"href":"https:\/\/www.adufpb.org.br\/site\/wp-json\/wp\/v2\/media?parent=5246"}],"wp:term":[{"taxonomy":"category","embeddable":true,"href":"https:\/\/www.adufpb.org.br\/site\/wp-json\/wp\/v2\/categories?post=5246"},{"taxonomy":"post_tag","embeddable":true,"href":"https:\/\/www.adufpb.org.br\/site\/wp-json\/wp\/v2\/tags?post=5246"}],"curies":[{"name":"wp","href":"https:\/\/api.w.org\/{rel}","templated":true}]}}