{"id":5239,"date":"2013-06-20T13:46:17","date_gmt":"2013-06-20T17:46:17","guid":{"rendered":"http:\/\/www.adufpb.org.br\/site\/?p=5239"},"modified":"2013-06-20T13:46:32","modified_gmt":"2013-06-20T17:46:32","slug":"adufpb-na-luta","status":"publish","type":"post","link":"https:\/\/www.adufpb.org.br\/site\/adufpb-na-luta\/","title":{"rendered":"ADUFPB na luta"},"content":{"rendered":"<p>O Brasil vive um momento especial. Chegamos \u00e0 esquina da avenida que nos ligar\u00e1 ao caminho da mudan\u00e7a e, agora, nos cabe decidir o sentido que queremos imprimir aos protestos que pipocam em todo o Pa\u00eds. A pol\u00edtica requerida por setores conservadores vai frontalmente contra os anseios de um povo que quer participar propositivamente das solu\u00e7\u00f5es dos problemas hist\u00f3ricas que vimos arrastando por s\u00e9culos.<\/p>\n<p>Educa\u00e7\u00e3o e sa\u00fade de qualidade, transporte p\u00fablico eficiente e moradias dignas s\u00e3o temas que n\u00e3o podem mais ficar a reboque da pol\u00edtica mesquinha desses setores conservadores. A ADUFPB participa desse momento exigindo: uma educa\u00e7\u00e3o p\u00fablica de qualidade, a n\u00e3o privatiza\u00e7\u00e3o do sistema de sa\u00fade com a cria\u00e7\u00e3o da Ebserh, a rejei\u00e7\u00e3o da PEC 37 e do PLP 92\/2007 e a agilidade na auditoria cidad\u00e3 da d\u00edvida.<\/p>\n<p>\u00c0 luta, professores!<\/p>\n","protected":false},"excerpt":{"rendered":"<p>O Brasil vive um momento especial. Chegamos \u00e0 esquina da avenida que nos ligar\u00e1 ao caminho da mudan\u00e7a e, agora, nos cabe decidir o sentido que queremos imprimir aos protestos que pipocam em todo o Pa\u00eds. A pol\u00edtica requerida por setores conservadores vai frontalmente contra os anseios de um povo que quer participar propositivamente das&hellip;<\/p>\n","protected":false},"author":3,"featured_media":0,"comment_status":"open","ping_status":"open","sticky":false,"template":"","format":"standard","meta":{"footnotes":""},"categories":[15],"tags":[354],"class_list":["post-5239","post","type-post","status-publish","format-standard","hentry","category-noticias","tag-protesto","category-15","description-off"],"_links":{"self":[{"href":"https:\/\/www.adufpb.org.br\/site\/wp-json\/wp\/v2\/posts\/5239","targetHints":{"allow":["GET"]}}],"collection":[{"href":"https:\/\/www.adufpb.org.br\/site\/wp-json\/wp\/v2\/posts"}],"about":[{"href":"https:\/\/www.adufpb.org.br\/site\/wp-json\/wp\/v2\/types\/post"}],"author":[{"embeddable":true,"href":"https:\/\/www.adufpb.org.br\/site\/wp-json\/wp\/v2\/users\/3"}],"replies":[{"embeddable":true,"href":"https:\/\/www.adufpb.org.br\/site\/wp-json\/wp\/v2\/comments?post=5239"}],"version-history":[{"count":2,"href":"https:\/\/www.adufpb.org.br\/site\/wp-json\/wp\/v2\/posts\/5239\/revisions"}],"predecessor-version":[{"id":5242,"href":"https:\/\/www.adufpb.org.br\/site\/wp-json\/wp\/v2\/posts\/5239\/revisions\/5242"}],"wp:attachment":[{"href":"https:\/\/www.adufpb.org.br\/site\/wp-json\/wp\/v2\/media?parent=5239"}],"wp:term":[{"taxonomy":"category","embeddable":true,"href":"https:\/\/www.adufpb.org.br\/site\/wp-json\/wp\/v2\/categories?post=5239"},{"taxonomy":"post_tag","embeddable":true,"href":"https:\/\/www.adufpb.org.br\/site\/wp-json\/wp\/v2\/tags?post=5239"}],"curies":[{"name":"wp","href":"https:\/\/api.w.org\/{rel}","templated":true}]}}