{"id":5232,"date":"2013-06-19T15:34:21","date_gmt":"2013-06-19T19:34:21","guid":{"rendered":"http:\/\/www.adufpb.org.br\/site\/?p=5232"},"modified":"2013-06-19T15:37:17","modified_gmt":"2013-06-19T19:37:17","slug":"adufpb-participa-de-protesto-amanha-em-joao-pessoa","status":"publish","type":"post","link":"https:\/\/www.adufpb.org.br\/site\/adufpb-participa-de-protesto-amanha-em-joao-pessoa\/","title":{"rendered":"ADUFPB participa de protesto amanh\u00e3, em Jo\u00e3o Pessoa"},"content":{"rendered":"<p><a href=\"http:\/\/www.adufpb.org.br\/site\/wp-content\/uploads\/2013\/06\/manifesta\u00e7\u00e3o-liceu.jpg\"><img loading=\"lazy\" decoding=\"async\" class=\"alignleft size-medium wp-image-5233\" title=\"manifesta\u00e7\u00e3o liceu\" src=\"http:\/\/www.adufpb.org.br\/site\/wp-content\/uploads\/2013\/06\/manifesta\u00e7\u00e3o-liceu-300x118.jpg\" alt=\"\" width=\"300\" height=\"118\" srcset=\"https:\/\/www.adufpb.org.br\/site\/wp-content\/uploads\/2013\/06\/manifesta\u00e7\u00e3o-liceu-300x118.jpg 300w, https:\/\/www.adufpb.org.br\/site\/wp-content\/uploads\/2013\/06\/manifesta\u00e7\u00e3o-liceu.jpg 959w\" sizes=\"auto, (max-width: 300px) 100vw, 300px\" \/><\/a>A ADUFPB estar\u00e1 presente na manifesta\u00e7\u00e3o contra o aumento da passagem de \u00f4nibus e pela melhoria do transporte p\u00fablico no pa\u00eds, que ser\u00e1 realizada nesta quinta-feira (20\/6), no Centro de Jo\u00e3o Pessoa. O protesto integra a s\u00e9rie de atividades que v\u00eam acontecendo desde a semana passada em v\u00e1rias cidades brasileiras, mobilizando a popula\u00e7\u00e3o e ganhando destaque da m\u00eddia nacional e internacional.<\/p>\n<p>Em Jo\u00e3o Pessoa, a concentra\u00e7\u00e3o ser\u00e1 em frente ao col\u00e9gio Liceu Paraibano, na avenida Get\u00falio Vargas. O in\u00edcio da protesto est\u00e1 previsto para as 16h. Os manifestantes v\u00e3o circular o anel interno da Lagoa do Parque Solon de Lucena e, em seguida, retornar em dire\u00e7\u00e3o \u00e0 avenida Epit\u00e1cio Pessoa. A ADUFPB convida professores e toda a sociedade a participar da atividade.<\/p>\n<p><em>Fonte: Ascom ADUFPB<\/em><\/p>\n","protected":false},"excerpt":{"rendered":"<p>A ADUFPB estar\u00e1 presente na manifesta\u00e7\u00e3o contra o aumento da passagem de \u00f4nibus e pela melhoria do transporte p\u00fablico no pa\u00eds, que ser\u00e1 realizada nesta quinta-feira (20\/6), no Centro de Jo\u00e3o Pessoa. O protesto integra a s\u00e9rie de atividades que v\u00eam acontecendo desde a semana passada em v\u00e1rias cidades brasileiras, mobilizando a popula\u00e7\u00e3o e ganhando&hellip;<\/p>\n","protected":false},"author":3,"featured_media":0,"comment_status":"open","ping_status":"open","sticky":false,"template":"","format":"standard","meta":{"footnotes":""},"categories":[15],"tags":[353],"class_list":["post-5232","post","type-post","status-publish","format-standard","hentry","category-noticias","tag-prostetos","category-15","description-off"],"_links":{"self":[{"href":"https:\/\/www.adufpb.org.br\/site\/wp-json\/wp\/v2\/posts\/5232","targetHints":{"allow":["GET"]}}],"collection":[{"href":"https:\/\/www.adufpb.org.br\/site\/wp-json\/wp\/v2\/posts"}],"about":[{"href":"https:\/\/www.adufpb.org.br\/site\/wp-json\/wp\/v2\/types\/post"}],"author":[{"embeddable":true,"href":"https:\/\/www.adufpb.org.br\/site\/wp-json\/wp\/v2\/users\/3"}],"replies":[{"embeddable":true,"href":"https:\/\/www.adufpb.org.br\/site\/wp-json\/wp\/v2\/comments?post=5232"}],"version-history":[{"count":2,"href":"https:\/\/www.adufpb.org.br\/site\/wp-json\/wp\/v2\/posts\/5232\/revisions"}],"predecessor-version":[{"id":5236,"href":"https:\/\/www.adufpb.org.br\/site\/wp-json\/wp\/v2\/posts\/5232\/revisions\/5236"}],"wp:attachment":[{"href":"https:\/\/www.adufpb.org.br\/site\/wp-json\/wp\/v2\/media?parent=5232"}],"wp:term":[{"taxonomy":"category","embeddable":true,"href":"https:\/\/www.adufpb.org.br\/site\/wp-json\/wp\/v2\/categories?post=5232"},{"taxonomy":"post_tag","embeddable":true,"href":"https:\/\/www.adufpb.org.br\/site\/wp-json\/wp\/v2\/tags?post=5232"}],"curies":[{"name":"wp","href":"https:\/\/api.w.org\/{rel}","templated":true}]}}