{"id":5217,"date":"2013-06-17T10:40:44","date_gmt":"2013-06-17T14:40:44","guid":{"rendered":"http:\/\/www.adufpb.org.br\/site\/?p=5217"},"modified":"2013-06-17T10:40:44","modified_gmt":"2013-06-17T14:40:44","slug":"arraia-da-adufpb-apoia-campanha-de-arrecadacao-de-alimentos","status":"publish","type":"post","link":"https:\/\/www.adufpb.org.br\/site\/arraia-da-adufpb-apoia-campanha-de-arrecadacao-de-alimentos\/","title":{"rendered":"\u201cArrai\u00e1 da ADUFPB\u201d apoia campanha de arrecada\u00e7\u00e3o de alimentos"},"content":{"rendered":"<p><a href=\"http:\/\/www.adufpb.org.br\/site\/wp-content\/uploads\/2013\/06\/Logo-SJ-com-Fartura-Fonte-Preta.png\"><img loading=\"lazy\" decoding=\"async\" class=\"alignleft size-medium wp-image-5216\" title=\"Logo SJ com Fartura - Fonte Preta\" src=\"http:\/\/www.adufpb.org.br\/site\/wp-content\/uploads\/2013\/06\/Logo-SJ-com-Fartura-Fonte-Preta-300x251.png\" alt=\"\" width=\"300\" height=\"251\" srcset=\"https:\/\/www.adufpb.org.br\/site\/wp-content\/uploads\/2013\/06\/Logo-SJ-com-Fartura-Fonte-Preta-300x251.png 300w, https:\/\/www.adufpb.org.br\/site\/wp-content\/uploads\/2013\/06\/Logo-SJ-com-Fartura-Fonte-Preta.png 910w\" sizes=\"auto, (max-width: 300px) 100vw, 300px\" \/><\/a>Os professores que participarem da festa junina ADUFPB no pr\u00f3ximo dia 21 v\u00e3o poder colaborar com um importante projeto social que visa amenizar o sofrimento da popula\u00e7\u00e3o carente de Jo\u00e3o Pessoa. Trata-se da campanha \u201cS\u00e3o Jo\u00e3o com Fatura\u201d, realizado desde 2006, por alunos do curso de Comunica\u00e7\u00e3o Social com habilita\u00e7\u00e3o em Rela\u00e7\u00f5es P\u00fablicas da Universidade Federal da Para\u00edba \u2013 UFPB, sob coordena\u00e7\u00e3o do professor Dr. Severino Alves de Lucena Filho, orientador da disciplina Laborat\u00f3rio de Planejamento em Rela\u00e7\u00f5es P\u00fablicas. O projeto tem como objetivo arrecadar e distribuir alimentos n\u00e3o perec\u00edveis aos segmentos carentes da sociedade pessoense.<\/p>\n<p>A ADUFPB convida os professores a participarem dessa campanha. Para isso, vai disponibilizar um posto de arrecada\u00e7\u00e3o de alimentos n\u00e3o perec\u00edveis no \u201cArrai\u00e1 da ADUFPB\u201d, que se realiza na pr\u00f3xima sexta-feira (21\/6), a partir das 21h30, na casa de recep\u00e7\u00f5es Palazzo Cristal (por tr\u00e1s da Kia Motors da BR-230, pr\u00f3ximo ao Carrefour).<\/p>\n<p><strong>Convites s\u00f3 at\u00e9 hoje<\/strong><\/p>\n<p>Termina nesta segunda-feira (17\/6) o prazo de distribui\u00e7\u00e3o dos convites para a festa. Professores interessados t\u00eam at\u00e9 as 18h para comparecer \u00e0 sede da ADUFPB, no Centro de Viv\u00eancia do campus I. Cada convite d\u00e1 direito a um acompanhante.<\/p>\n<p>O \u201cArrai\u00e1 da ADUFPB\u201d ser\u00e1 animado pelo forr\u00f3 tradi\u00e7\u00e3o de J\u00fanior Limeira, que interpretar\u00e1 antigos cl\u00e1ssicos do forr\u00f3 e da m\u00fasica regional e tamb\u00e9m can\u00e7\u00f5es in\u00e9ditas, feitas pelo pr\u00f3prio artista, bem como por outros compositores contempor\u00e2neos ainda desconhecidos do grande p\u00fablico.<\/p>\n<p>Al\u00e9m de muito \u201carrasta p\u00e9\u201d, os convidados ter\u00e3o comidas t\u00edpicas e bebidas \u00e0 disposi\u00e7\u00e3o. Ser\u00e3o servidos refrigerante, \u00e1gua de coco, cacha\u00e7a, caipirinha e cerveja. Quem quiser pode tamb\u00e9m levar outros tipos de bebidas alco\u00f3licas (como u\u00edsque, vodka, rum, vinho etc.).<\/p>\n<p>N\u00e3o \u00e9 obrigat\u00f3rio, mas, para o forr\u00f3 da ADUFPB ficar ainda mais animado, a organiza\u00e7\u00e3o do evento sugere aos participantes que usem a criatividade e abusem das camisas xadrez, dos vestidos floridos, dos chap\u00e9us de palha, das fitas de cabelo e de toda as pe\u00e7as que caracterizam o tradicional \u201cvisual matuto\u201d.<\/p>\n<p><em>Fonte: Ascom ADUFPB<\/em><\/p>\n","protected":false},"excerpt":{"rendered":"<p>Os professores que participarem da festa junina ADUFPB no pr\u00f3ximo dia 21 v\u00e3o poder colaborar com um importante projeto social que visa amenizar o sofrimento da popula\u00e7\u00e3o carente de Jo\u00e3o Pessoa. Trata-se da campanha \u201cS\u00e3o Jo\u00e3o com Fatura\u201d, realizado desde 2006, por alunos do curso de Comunica\u00e7\u00e3o Social com habilita\u00e7\u00e3o em Rela\u00e7\u00f5es P\u00fablicas da Universidade&hellip;<\/p>\n","protected":false},"author":3,"featured_media":0,"comment_status":"open","ping_status":"open","sticky":false,"template":"","format":"standard","meta":{"footnotes":""},"categories":[15],"tags":[57,162,161],"class_list":["post-5217","post","type-post","status-publish","format-standard","hentry","category-noticias","tag-eventos","tag-festas","tag-sao-joao","category-15","description-off"],"_links":{"self":[{"href":"https:\/\/www.adufpb.org.br\/site\/wp-json\/wp\/v2\/posts\/5217","targetHints":{"allow":["GET"]}}],"collection":[{"href":"https:\/\/www.adufpb.org.br\/site\/wp-json\/wp\/v2\/posts"}],"about":[{"href":"https:\/\/www.adufpb.org.br\/site\/wp-json\/wp\/v2\/types\/post"}],"author":[{"embeddable":true,"href":"https:\/\/www.adufpb.org.br\/site\/wp-json\/wp\/v2\/users\/3"}],"replies":[{"embeddable":true,"href":"https:\/\/www.adufpb.org.br\/site\/wp-json\/wp\/v2\/comments?post=5217"}],"version-history":[{"count":1,"href":"https:\/\/www.adufpb.org.br\/site\/wp-json\/wp\/v2\/posts\/5217\/revisions"}],"predecessor-version":[{"id":5218,"href":"https:\/\/www.adufpb.org.br\/site\/wp-json\/wp\/v2\/posts\/5217\/revisions\/5218"}],"wp:attachment":[{"href":"https:\/\/www.adufpb.org.br\/site\/wp-json\/wp\/v2\/media?parent=5217"}],"wp:term":[{"taxonomy":"category","embeddable":true,"href":"https:\/\/www.adufpb.org.br\/site\/wp-json\/wp\/v2\/categories?post=5217"},{"taxonomy":"post_tag","embeddable":true,"href":"https:\/\/www.adufpb.org.br\/site\/wp-json\/wp\/v2\/tags?post=5217"}],"curies":[{"name":"wp","href":"https:\/\/api.w.org\/{rel}","templated":true}]}}