{"id":5206,"date":"2013-06-14T11:31:04","date_gmt":"2013-06-14T15:31:04","guid":{"rendered":"http:\/\/www.adufpb.org.br\/site\/?p=5206"},"modified":"2013-06-14T11:51:14","modified_gmt":"2013-06-14T15:51:14","slug":"revista-conceitos-reabre-prazo-para-inscricao","status":"publish","type":"post","link":"https:\/\/www.adufpb.org.br\/site\/revista-conceitos-reabre-prazo-para-inscricao\/","title":{"rendered":"Revista Conceitos reabre prazo para inscri\u00e7\u00e3o de artigos"},"content":{"rendered":"<p>A Comiss\u00e3o Editorial da revista Conceitos deu um novo prazo para inscri\u00e7\u00e3o de artigos na edi\u00e7\u00e3o de n\u00famero 18. Os professores interessados t\u00eam at\u00e9 a pr\u00f3xima quinta-feira (20\/6) para encaminhar o material para o e-mail revistaconceitos.adufpb@gmail.com. Al\u00e9m do artigo, o professor deve anexar na mensagem a ficha de inscri\u00e7\u00e3o preenchida (fa\u00e7a o download da ficha clicando no link logo abaixo dessa mat\u00e9ria).<\/p>\n<p>Os textos ser\u00e3o analisados por uma comiss\u00e3o de pareceristas e, no dia 5 de julho, a ADUFPB informar\u00e1 por e-mail o nome dos professores e os artigos selecionados. A previs\u00e3o \u00e9 de que a Conceitos n\u00ba 18 seja lan\u00e7ada no dia 19 de julho, durante a pr\u00f3xima edi\u00e7\u00e3o do projeto Sede de Leitura, que promove o lan\u00e7amento de livros de autoria dos professores filiados \u00e0 ADUFPB.<\/p>\n<p>Para inscrever artigos para a Conceitos, o professor deve enviar o texto digitado em MS-WORD e seguir rigorosamente o que prev\u00ea as normas para publica\u00e7\u00e3o na revista. Ser\u00e1 enviada uma resposta autom\u00e1tica de confirma\u00e7\u00e3o do recebimento do artigo. Caso o artigo n\u00e3o cumpra as normas sugeridas, a comiss\u00e3o editorial entra em contato com o autor para adaptar o trabalho \u00e0s normas previstas no regulamento e exigidas pelo Capes.<\/p>\n<p>N\u00e3o ser\u00e1 mais necess\u00e1ria a apresenta\u00e7\u00e3o de c\u00f3pias impressas do artigo na ADUFPB, ou entrega de material em m\u00eddia eletr\u00f4nica (CD\/DVD). A Comiss\u00e3o Editorial estar\u00e1 avaliando todos os artigos assim que receb\u00ea-los por e-mail.<\/p>\n<p><a href=\"http:\/\/www.adufpb.org.br\/site\/wp-content\/uploads\/2013\/05\/NORMAS-PARA-PUBLICA%C3%87%C3%83O-NA-REVISTA-CONCEITOS_18.pdf\" target=\"_blank\">Clique aqui para fazer o download das normas para publica\u00e7\u00e3o na revista Conceitos<\/a><\/p>\n<p><a href=\"http:\/\/www.adufpb.org.br\/site\/wp-content\/uploads\/2013\/05\/FICHA-DE-INSCRICAO-CONCEITOS-18.doc\" target=\"_blank\">Clique para fazer o download da ficha de inscri\u00e7\u00e3o<\/a><\/p>\n<p><em>Fonte: Ascom ADUFPB<\/em><\/p>\n","protected":false},"excerpt":{"rendered":"<p>A Comiss\u00e3o Editorial da revista Conceitos deu um novo prazo para inscri\u00e7\u00e3o de artigos na edi\u00e7\u00e3o de n\u00famero 18. Os professores interessados t\u00eam at\u00e9 a pr\u00f3xima quinta-feira (20\/6) para encaminhar o material para o e-mail revistaconceitos.adufpb@gmail.com. Al\u00e9m do artigo, o professor deve anexar na mensagem a ficha de inscri\u00e7\u00e3o preenchida (fa\u00e7a o download da ficha&hellip;<\/p>\n","protected":false},"author":3,"featured_media":0,"comment_status":"open","ping_status":"open","sticky":false,"template":"","format":"standard","meta":{"footnotes":""},"categories":[15],"tags":[815],"class_list":["post-5206","post","type-post","status-publish","format-standard","hentry","category-noticias","tag-conceitos","category-15","description-off"],"_links":{"self":[{"href":"https:\/\/www.adufpb.org.br\/site\/wp-json\/wp\/v2\/posts\/5206","targetHints":{"allow":["GET"]}}],"collection":[{"href":"https:\/\/www.adufpb.org.br\/site\/wp-json\/wp\/v2\/posts"}],"about":[{"href":"https:\/\/www.adufpb.org.br\/site\/wp-json\/wp\/v2\/types\/post"}],"author":[{"embeddable":true,"href":"https:\/\/www.adufpb.org.br\/site\/wp-json\/wp\/v2\/users\/3"}],"replies":[{"embeddable":true,"href":"https:\/\/www.adufpb.org.br\/site\/wp-json\/wp\/v2\/comments?post=5206"}],"version-history":[{"count":7,"href":"https:\/\/www.adufpb.org.br\/site\/wp-json\/wp\/v2\/posts\/5206\/revisions"}],"predecessor-version":[{"id":5214,"href":"https:\/\/www.adufpb.org.br\/site\/wp-json\/wp\/v2\/posts\/5206\/revisions\/5214"}],"wp:attachment":[{"href":"https:\/\/www.adufpb.org.br\/site\/wp-json\/wp\/v2\/media?parent=5206"}],"wp:term":[{"taxonomy":"category","embeddable":true,"href":"https:\/\/www.adufpb.org.br\/site\/wp-json\/wp\/v2\/categories?post=5206"},{"taxonomy":"post_tag","embeddable":true,"href":"https:\/\/www.adufpb.org.br\/site\/wp-json\/wp\/v2\/tags?post=5206"}],"curies":[{"name":"wp","href":"https:\/\/api.w.org\/{rel}","templated":true}]}}