{"id":5172,"date":"2013-06-10T11:53:06","date_gmt":"2013-06-10T15:53:06","guid":{"rendered":"http:\/\/www.adufpb.org.br\/site\/?p=5172"},"modified":"2013-06-18T15:54:46","modified_gmt":"2013-06-18T19:54:46","slug":"arraia-da-adufpb-distribuicao-de-convites-comeca-nesta-terca-feira","status":"publish","type":"post","link":"https:\/\/www.adufpb.org.br\/site\/arraia-da-adufpb-distribuicao-de-convites-comeca-nesta-terca-feira\/","title":{"rendered":"\u201cArrai\u00e1 da ADUFPB\u201d: distribui\u00e7\u00e3o de convites come\u00e7a nesta ter\u00e7a-feira"},"content":{"rendered":"<p><a href=\"http:\/\/www.adufpb.org.br\/site\/wp-content\/uploads\/2013\/06\/CARTAZ-S\u00c3O-JO\u00c3O-ADUFPB-2013.jpg\"><img loading=\"lazy\" decoding=\"async\" class=\"alignleft size-medium wp-image-5174\" title=\"CARTAZ S\u00c3O JO\u00c3O ADUFPB 2013\" src=\"http:\/\/www.adufpb.org.br\/site\/wp-content\/uploads\/2013\/06\/CARTAZ-S\u00c3O-JO\u00c3O-ADUFPB-2013-215x300.jpg\" alt=\"\" width=\"215\" height=\"300\" srcset=\"https:\/\/www.adufpb.org.br\/site\/wp-content\/uploads\/2013\/06\/CARTAZ-S\u00c3O-JO\u00c3O-ADUFPB-2013-215x300.jpg 215w, https:\/\/www.adufpb.org.br\/site\/wp-content\/uploads\/2013\/06\/CARTAZ-S\u00c3O-JO\u00c3O-ADUFPB-2013-735x1024.jpg 735w\" sizes=\"auto, (max-width: 215px) 100vw, 215px\" \/><\/a>A ADUFPB j\u00e1 entrou em clima de S\u00e3o Jo\u00e3o. Come\u00e7a nesta ter\u00e7a-feira (11\/6) a distribui\u00e7\u00e3o de convites para a festa junina do Sindicato, que ser\u00e1 realizada no pr\u00f3ximo dia 21, na casa de recep\u00e7\u00f5es Palazzo Cristal (por tr\u00e1s da Kia Motors da BR-230, pr\u00f3ximo ao Carrefour). O \u201cArrai\u00e1 da ADUFPB\u201d come\u00e7a \u00e0s 21h30, com anima\u00e7\u00e3o de um trio p\u00e9 de serra e do forr\u00f3 tradi\u00e7\u00e3o de J\u00fanior Limeira.<\/p>\n<p>Os professores t\u00eam at\u00e9 o dia 17 para garantir o convite, que d\u00e1 direito a levar um acompanhante. A distribui\u00e7\u00e3o est\u00e1 sendo realizada na sede do Sindicato, localizada no Centro de Viv\u00eancia do Campus I, em Jo\u00e3o Pessoa. Na festa, haver\u00e1 comidas t\u00edpicas, refrigerante, \u00e1gua de coco, cacha\u00e7a, caipirinha e cerveja. Quem quiser pode tamb\u00e9m levar outros tipos de bebidas alco\u00f3licas (como u\u00edsque, vodka, rum, vinho etc.).<\/p>\n<p>N\u00e3o \u00e9 obrigat\u00f3rio, mas, para tornar o arrasta-p\u00e9 ainda mais animado, a organiza\u00e7\u00e3o do evento sugere aos participantes que usem a criatividade e abusem das camisas xadrez, dos vestidos floridos, dos chap\u00e9us de palha, das fitas de cabelo e de toda as pe\u00e7as que caracterizam o tradicional \u201cvisual matuto\u201d.<\/p>\n<p><strong>J\u00fanior Limeira<\/strong><\/p>\n<p><img loading=\"lazy\" decoding=\"async\" class=\"alignright size-medium wp-image-5173\" title=\"Junior limeira 2\" src=\"http:\/\/www.adufpb.org.br\/site\/wp-content\/uploads\/2013\/06\/Junior-limeira-2-235x300.jpg\" alt=\"\" width=\"235\" height=\"300\" srcset=\"https:\/\/www.adufpb.org.br\/site\/wp-content\/uploads\/2013\/06\/Junior-limeira-2-235x300.jpg 235w, https:\/\/www.adufpb.org.br\/site\/wp-content\/uploads\/2013\/06\/Junior-limeira-2.jpg 316w\" sizes=\"auto, (max-width: 235px) 100vw, 235px\" \/><\/p>\n<p>A atra\u00e7\u00e3o musical da noite ser\u00e1 o cantor J\u00fanior Limeira. O show \u00e9 acompanhado por m\u00fasicos de excelente qualidade e marcado pela alegria e energia contagiante do forr\u00f3, agradando todos os p\u00fablicos e de todas as idades.<\/p>\n<p>Melodia e poesia s\u00e3o exig\u00eancias de Junior Limeira, que expressa no ato de compor e cantar a constru\u00e7\u00e3o de valores positivos, preocupando-se com os valores e cultura de nossa sociedade. Ele interpreta os antigos cl\u00e1ssicos do forr\u00f3 e da m\u00fasica regional e tamb\u00e9m can\u00e7\u00f5es in\u00e9ditas, feitas pelo pr\u00f3prio artista, bem como por outros compositores contempor\u00e2neos ainda desconhecidos do grande p\u00fablico.<\/p>\n<p>Depois de uma breve temporada em S\u00e3o Paulo e Bahia, Junior Limeira voltou \u00e0 Para\u00edba mais disposto e decidido do que nunca a divulgar o forr\u00f3 em sua ess\u00eancia e inovando com qualidade e alegria. Apenas em dois anos de carreira seu primeiro CD Amor Verdadeiro (autoral) alcan\u00e7ou a marca de mil c\u00f3pias vendidas e j\u00e1 fez mais de 550 shows na capital paraibana e em outras cidades da Para\u00edba e de outros estados.<\/p>\n<p><strong>Mapa do Localiza\u00e7\u00e3o<\/strong> (clique na imagem para ampliar)<\/p>\n<p><a href=\"http:\/\/www.adufpb.org.br\/site\/wp-content\/uploads\/2013\/06\/mapa-sao-joao-2013.gif\"><img loading=\"lazy\" decoding=\"async\" class=\"alignnone size-full wp-image-5223\" title=\"Mapa Localiza\u00e7\u00e3o\" src=\"http:\/\/www.adufpb.org.br\/site\/wp-content\/uploads\/2013\/06\/mapa-sao-joao-2013.gif\" alt=\"\" width=\"550\" height=\"309\" srcset=\"https:\/\/www.adufpb.org.br\/site\/wp-content\/uploads\/2013\/06\/mapa-sao-joao-2013.gif 1000w, https:\/\/www.adufpb.org.br\/site\/wp-content\/uploads\/2013\/06\/mapa-sao-joao-2013-300x168.gif 300w\" sizes=\"auto, (max-width: 550px) 100vw, 550px\" \/><\/a><\/p>\n<p><em>Fonte: Ascom ADUFPB<\/em><\/p>\n","protected":false},"excerpt":{"rendered":"<p>A ADUFPB j\u00e1 entrou em clima de S\u00e3o Jo\u00e3o. Come\u00e7a nesta ter\u00e7a-feira (11\/6) a distribui\u00e7\u00e3o de convites para a festa junina do Sindicato, que ser\u00e1 realizada no pr\u00f3ximo dia 21, na casa de recep\u00e7\u00f5es Palazzo Cristal (por tr\u00e1s da Kia Motors da BR-230, pr\u00f3ximo ao Carrefour). O \u201cArrai\u00e1 da ADUFPB\u201d come\u00e7a \u00e0s 21h30, com anima\u00e7\u00e3o&hellip;<\/p>\n","protected":false},"author":3,"featured_media":0,"comment_status":"open","ping_status":"open","sticky":false,"template":"","format":"standard","meta":{"footnotes":""},"categories":[15],"tags":[57,161],"class_list":["post-5172","post","type-post","status-publish","format-standard","hentry","category-noticias","tag-eventos","tag-sao-joao","category-15","description-off"],"_links":{"self":[{"href":"https:\/\/www.adufpb.org.br\/site\/wp-json\/wp\/v2\/posts\/5172","targetHints":{"allow":["GET"]}}],"collection":[{"href":"https:\/\/www.adufpb.org.br\/site\/wp-json\/wp\/v2\/posts"}],"about":[{"href":"https:\/\/www.adufpb.org.br\/site\/wp-json\/wp\/v2\/types\/post"}],"author":[{"embeddable":true,"href":"https:\/\/www.adufpb.org.br\/site\/wp-json\/wp\/v2\/users\/3"}],"replies":[{"embeddable":true,"href":"https:\/\/www.adufpb.org.br\/site\/wp-json\/wp\/v2\/comments?post=5172"}],"version-history":[{"count":2,"href":"https:\/\/www.adufpb.org.br\/site\/wp-json\/wp\/v2\/posts\/5172\/revisions"}],"predecessor-version":[{"id":5224,"href":"https:\/\/www.adufpb.org.br\/site\/wp-json\/wp\/v2\/posts\/5172\/revisions\/5224"}],"wp:attachment":[{"href":"https:\/\/www.adufpb.org.br\/site\/wp-json\/wp\/v2\/media?parent=5172"}],"wp:term":[{"taxonomy":"category","embeddable":true,"href":"https:\/\/www.adufpb.org.br\/site\/wp-json\/wp\/v2\/categories?post=5172"},{"taxonomy":"post_tag","embeddable":true,"href":"https:\/\/www.adufpb.org.br\/site\/wp-json\/wp\/v2\/tags?post=5172"}],"curies":[{"name":"wp","href":"https:\/\/api.w.org\/{rel}","templated":true}]}}