{"id":5154,"date":"2013-05-29T10:38:22","date_gmt":"2013-05-29T14:38:22","guid":{"rendered":"http:\/\/www.adufpb.org.br\/site\/?p=5154"},"modified":"2013-05-29T10:38:22","modified_gmt":"2013-05-29T14:38:22","slug":"prorrogadas-inscricoes-para-curso-de-iniciacao-teatral-da-adufpb","status":"publish","type":"post","link":"https:\/\/www.adufpb.org.br\/site\/prorrogadas-inscricoes-para-curso-de-iniciacao-teatral-da-adufpb\/","title":{"rendered":"Prorrogadas inscri\u00e7\u00f5es para curso de inicia\u00e7\u00e3o teatral da ADUFPB"},"content":{"rendered":"<p><a href=\"http:\/\/www.adufpb.org.br\/site\/wp-content\/uploads\/2013\/05\/Curso-de-teatro-gratuito-em-s\u00e3o-Paulo-300x270.png\"><img loading=\"lazy\" decoding=\"async\" class=\"alignleft size-full wp-image-5136\" title=\"Curso-de-teatro-gratuito-em-s\u00e3o-Paulo-300x270\" src=\"http:\/\/www.adufpb.org.br\/site\/wp-content\/uploads\/2013\/05\/Curso-de-teatro-gratuito-em-s\u00e3o-Paulo-300x270.png\" alt=\"\" width=\"300\" height=\"270\" \/><\/a>O curso de inicia\u00e7\u00e3o teatral promovido pelo rec\u00e9m criado Grupo de Teatro da ADUFPB ter\u00e1 in\u00edcio apenas no dia 10 de junho e n\u00e3o mais no dia 3, como anunciado anteriormente. Devido \u00e0 mudan\u00e7a de data, as inscri\u00e7\u00f5es que se encerraria nesta quarta-feira (29\/5) agora podem ser feitas at\u00e9 5 de junho. Os interessados devem se dirigir \u00e0 sede da ADUFPB, no Centro de Viv\u00eancia do Campus I, em Jo\u00e3o Pessoa.<\/p>\n<p>As aulas s\u00e3o gratuitas e acontecer\u00e3o entre os dias 10 e 21 de junho, na sede sociocultural do Sindicato, localizada na rua Gilvan Muribeca, n\u00ba 88, bairro do Cabo Branco (ao lado do Jangada Clube), sempre \u00e0s segundas, quartas e sextas-feira, das 19h30 \u00e0s 21h30.<\/p>\n<p>\u201cPosteriormente iniciaremos a montagem teatral com estreia prevista para semana do professor em outubro pr\u00f3ximo\u201d, explica o professor Carlos Cartaxo, respons\u00e1vel pelo curso. A montagem \u00e0 qual ele se refere \u00e9 a da pe\u00e7a \u201cAs cartas deAnayde Beiriz\u201d, de autoria do professor Jos\u00e9 Fl\u00e1vio Silva, s\u00f3cio da ADUFPB<\/p>\n<p>Cartaxo explica que o Grupo de Teatro \u00e9 uma solicita\u00e7\u00e3o antiga dos s\u00f3cios. A sua cria\u00e7\u00e3o ficou definida durante reuni\u00e3o dos Grupos de Trabalho do Sindicato em setembro do ano passado. \u201cA diretoria da ADUFPB aprovou a ideia com o objetivo de iniciar mais um a\u00e7\u00e3o cultural complementando o trabalho que a entidade j\u00e1 desenvolve na \u00e1rea art\u00edstica, social e sindical\u201d, afirma.<\/p>\n<p><strong>AGENDE-SE<\/strong><\/p>\n<p>Evento: Curso de inicia\u00e7\u00e3o teatral<br \/>\nParticipantes: S\u00f3cios da ADUFPB , seus familiares e convidados.<br \/>\nPer\u00edodo do curso: de 10 a 21 de junho (2\u00aa, 4\u00aa e 6\u00aa)<br \/>\nHora: de 19h30 \u00e0s 21h30<br \/>\nLocal do curso : Sede Social da ADUFPB praia<br \/>\nPer\u00edodo de inscri\u00e7\u00f5es para o curso: de 21 de maio a 5 de junho<br \/>\nLocal das inscri\u00e7\u00f5es: Sede da ADUFPB no Campus I<br \/>\nProfessor: Carlos Cartaxo<\/p>\n<p><em>Fonte: Ascom ADUFPB<\/em><\/p>\n","protected":false},"excerpt":{"rendered":"<p>O curso de inicia\u00e7\u00e3o teatral promovido pelo rec\u00e9m criado Grupo de Teatro da ADUFPB ter\u00e1 in\u00edcio apenas no dia 10 de junho e n\u00e3o mais no dia 3, como anunciado anteriormente. Devido \u00e0 mudan\u00e7a de data, as inscri\u00e7\u00f5es que se encerraria nesta quarta-feira (29\/5) agora podem ser feitas at\u00e9 5 de junho. Os interessados devem&hellip;<\/p>\n","protected":false},"author":3,"featured_media":0,"comment_status":"open","ping_status":"open","sticky":false,"template":"","format":"standard","meta":{"footnotes":""},"categories":[15],"tags":[67,114,345],"class_list":["post-5154","post","type-post","status-publish","format-standard","hentry","category-noticias","tag-atividades","tag-sede-sociocultural","tag-teatro","category-15","description-off"],"_links":{"self":[{"href":"https:\/\/www.adufpb.org.br\/site\/wp-json\/wp\/v2\/posts\/5154","targetHints":{"allow":["GET"]}}],"collection":[{"href":"https:\/\/www.adufpb.org.br\/site\/wp-json\/wp\/v2\/posts"}],"about":[{"href":"https:\/\/www.adufpb.org.br\/site\/wp-json\/wp\/v2\/types\/post"}],"author":[{"embeddable":true,"href":"https:\/\/www.adufpb.org.br\/site\/wp-json\/wp\/v2\/users\/3"}],"replies":[{"embeddable":true,"href":"https:\/\/www.adufpb.org.br\/site\/wp-json\/wp\/v2\/comments?post=5154"}],"version-history":[{"count":1,"href":"https:\/\/www.adufpb.org.br\/site\/wp-json\/wp\/v2\/posts\/5154\/revisions"}],"predecessor-version":[{"id":5155,"href":"https:\/\/www.adufpb.org.br\/site\/wp-json\/wp\/v2\/posts\/5154\/revisions\/5155"}],"wp:attachment":[{"href":"https:\/\/www.adufpb.org.br\/site\/wp-json\/wp\/v2\/media?parent=5154"}],"wp:term":[{"taxonomy":"category","embeddable":true,"href":"https:\/\/www.adufpb.org.br\/site\/wp-json\/wp\/v2\/categories?post=5154"},{"taxonomy":"post_tag","embeddable":true,"href":"https:\/\/www.adufpb.org.br\/site\/wp-json\/wp\/v2\/tags?post=5154"}],"curies":[{"name":"wp","href":"https:\/\/api.w.org\/{rel}","templated":true}]}}