{"id":5096,"date":"2013-05-15T21:55:55","date_gmt":"2013-05-16T01:55:55","guid":{"rendered":"http:\/\/www.adufpb.org.br\/site\/?p=5096"},"modified":"2013-05-15T22:12:31","modified_gmt":"2013-05-16T02:12:31","slug":"nota-de-pesar-24","status":"publish","type":"post","link":"https:\/\/www.adufpb.org.br\/site\/nota-de-pesar-24\/","title":{"rendered":"Nota de pesar"},"content":{"rendered":"<p style=\"text-align: center;\"><a href=\"http:\/\/www.adufpb.org.br\/site\/wp-content\/uploads\/2013\/05\/luiz-renato.jpg\"><img loading=\"lazy\" decoding=\"async\" class=\"aligncenter size-medium wp-image-5097\" title=\"luiz renato\" src=\"http:\/\/www.adufpb.org.br\/site\/wp-content\/uploads\/2013\/05\/luiz-renato-300x218.jpg\" alt=\"\" width=\"300\" height=\"218\" srcset=\"https:\/\/www.adufpb.org.br\/site\/wp-content\/uploads\/2013\/05\/luiz-renato-300x218.jpg 300w, https:\/\/www.adufpb.org.br\/site\/wp-content\/uploads\/2013\/05\/luiz-renato.jpg 330w\" sizes=\"auto, (max-width: 300px) 100vw, 300px\" \/><\/a><\/p>\n<p><span style=\"font-size: medium;\">A Diretoria Executiva da ADUFPB vem a p\u00fablico manifestar o seu profundo pesar pelo falecimento de <strong>LUIZ RENATO DE ARA\u00daJO PONTES<\/strong>, professor do Centro de Tecnologia, Campus I, da Universidade Federal da Para\u00edba, sindicalizado da ADUFPB, ocorrido na madrugada desta quarta-feira (15\/05\/13), no Recife (PE).<\/span><\/p>\n<p><span style=\"font-size: medium;\">Aos membros da fam\u00edlia, amigos e \u00e0 comunidade universit\u00e1ria, nossos p\u00easames.<\/span><\/p>\n<p style=\"text-align: center;\"><span style=\"font-size: medium;\">Diretoria Executiva<\/span><\/p>\n<p style=\"text-align: left;\">\n<p style=\"text-align: left;\"><strong>Nota:<\/strong> O corpo do professor Luiz Renato est\u00e1 chegando do Recife nesta quarta-feira \u00e0 noite e o vel\u00f3rio ocorrer\u00e1 quinta-feira (16\/5), na Morada da Paz, localizada na avenida\u00a0Jo\u00e3o Machado, 1214, Jaguaribe.<\/p>\n","protected":false},"excerpt":{"rendered":"<p>A Diretoria Executiva da ADUFPB vem a p\u00fablico manifestar o seu profundo pesar pelo falecimento de LUIZ RENATO DE ARA\u00daJO PONTES, professor do Centro de Tecnologia, Campus I, da Universidade Federal da Para\u00edba, sindicalizado da ADUFPB, ocorrido na madrugada desta quarta-feira (15\/05\/13), no Recife (PE). Aos membros da fam\u00edlia, amigos e \u00e0 comunidade universit\u00e1ria, nossos&hellip;<\/p>\n","protected":false},"author":3,"featured_media":0,"comment_status":"open","ping_status":"open","sticky":false,"template":"","format":"standard","meta":{"footnotes":""},"categories":[15],"tags":[],"class_list":["post-5096","post","type-post","status-publish","format-standard","hentry","category-noticias","category-15","description-off"],"_links":{"self":[{"href":"https:\/\/www.adufpb.org.br\/site\/wp-json\/wp\/v2\/posts\/5096","targetHints":{"allow":["GET"]}}],"collection":[{"href":"https:\/\/www.adufpb.org.br\/site\/wp-json\/wp\/v2\/posts"}],"about":[{"href":"https:\/\/www.adufpb.org.br\/site\/wp-json\/wp\/v2\/types\/post"}],"author":[{"embeddable":true,"href":"https:\/\/www.adufpb.org.br\/site\/wp-json\/wp\/v2\/users\/3"}],"replies":[{"embeddable":true,"href":"https:\/\/www.adufpb.org.br\/site\/wp-json\/wp\/v2\/comments?post=5096"}],"version-history":[{"count":2,"href":"https:\/\/www.adufpb.org.br\/site\/wp-json\/wp\/v2\/posts\/5096\/revisions"}],"predecessor-version":[{"id":5100,"href":"https:\/\/www.adufpb.org.br\/site\/wp-json\/wp\/v2\/posts\/5096\/revisions\/5100"}],"wp:attachment":[{"href":"https:\/\/www.adufpb.org.br\/site\/wp-json\/wp\/v2\/media?parent=5096"}],"wp:term":[{"taxonomy":"category","embeddable":true,"href":"https:\/\/www.adufpb.org.br\/site\/wp-json\/wp\/v2\/categories?post=5096"},{"taxonomy":"post_tag","embeddable":true,"href":"https:\/\/www.adufpb.org.br\/site\/wp-json\/wp\/v2\/tags?post=5096"}],"curies":[{"name":"wp","href":"https:\/\/api.w.org\/{rel}","templated":true}]}}