{"id":5048,"date":"2013-05-08T21:44:19","date_gmt":"2013-05-09T01:44:19","guid":{"rendered":"http:\/\/www.adufpb.org.br\/site\/?p=5048"},"modified":"2013-05-10T00:55:21","modified_gmt":"2013-05-10T04:55:21","slug":"adufpb-programa-para-junho-lancamento-de-nova-revista-conceitos","status":"publish","type":"post","link":"https:\/\/www.adufpb.org.br\/site\/adufpb-programa-para-junho-lancamento-de-nova-revista-conceitos\/","title":{"rendered":"ADUFPB programa para junho lan\u00e7amento de nova revista Conceitos"},"content":{"rendered":"<h3><strong><em>Artigos ser\u00e3o avaliados at\u00e9 o dia 31 de maio<\/em><\/strong><\/h3>\n<p>Os professores podem continuar enviando artigos para publica\u00e7\u00e3o na Revista Conceitos.\u00a0As inscri\u00e7\u00f5es n\u00e3o t\u00eam data de encerramento, mas para a pr\u00f3xima edi\u00e7\u00e3o, n\u00famero 18, prevista para ser publicada em junho deste ano, a Comiss\u00e3o Editorial avaliar\u00e1 os 10 primeiros artigos encaminhados at\u00e9 o dia 31 de maio. Os que chegarem depois disso, ser\u00e3o inclu\u00eddos na edi\u00e7\u00e3o seguinte, no final do ano.\u00a0\u201cMudamos o formato de inscri\u00e7\u00e3o para a revista Conceitos. Nossa inten\u00e7\u00e3o \u00e9 lan\u00e7ar duas edi\u00e7\u00f5es em pouco tempo\u201d, explica o presidente da ADUFPB, Ricardo Lucena.<\/p>\n<p>A Conceitos \u00e9 uma publica\u00e7\u00e3o da ADUFPB que tem como objetivo divulgar a produ\u00e7\u00e3o acad\u00eamica dos professores associados. A pr\u00f3xima edi\u00e7\u00e3o ser\u00e1 lan\u00e7ada durante o projeto Sede de Leitura, previsto para acontecer no final do m\u00eas de junho.<\/p>\n<p>\u00c9 importante que os professores procurem se inscrever o quanto antes para garantir sua participa\u00e7\u00e3o nessa primeira edi\u00e7\u00e3o de 2013. Para a avaliar a revista, a Capes exige pelo menos 8 a 10 artigos por edi\u00e7\u00e3o. Dependendo da produ\u00e7\u00e3o do docente, ele poder\u00e1 participar da edi\u00e7\u00e3o subsequente com outro artigo. \u201cVamos procurar contemplar o m\u00e1ximo de docentes e da produ\u00e7\u00e3o dos nossos colegas da UFPB e publicar duas edi\u00e7\u00f5es ou mais ainda este ano\u201d, destacou Ricardo Lucena, que tamb\u00e9m \u00e9 membro do Conselho Editorial e organizador da Revista Conceitos.<\/p>\n<p><strong>Como se inscrever<\/strong><\/p>\n<p>Para se inscrever, o professor deve enviar o artigo digitado em MS-WORD para o e-mail\u00a0<strong><a href=\"mailto:revistaconceitos.adufpb@gmail.com\" target=\"_blank\">revistaconceitos.adufpb@gmail.<wbr>com<\/wbr><\/a>\u00a0<\/strong>e seguir rigorosamente o que prev\u00ea as normas para publica\u00e7\u00e3o na revista. Ser\u00e1 enviada uma resposta autom\u00e1tica de confirma\u00e7\u00e3o do recebimento do artigo. Caso o artigo n\u00e3o cumpra as normas sugeridas, a comiss\u00e3o editorial entra em contato com o autor para adaptar o trabalho \u00e0s normas previstas no regulamento e exigidas pelo Capes.<\/p>\n<p>N\u00e3o ser\u00e1 mais necess\u00e1ria a apresenta\u00e7\u00e3o de c\u00f3pias impressas do artigo na ADUFPB, ou entrega de material em m\u00eddia eletr\u00f4nica (CD\/DVD). A Comiss\u00e3o Editorial estar\u00e1 avaliando todos os artigos assim que receb\u00ea-los por e-mail.<\/p>\n<p><a href=\"http:\/\/www.adufpb.org.br\/site\/wp-content\/uploads\/2013\/05\/NORMAS-PARA-PUBLICA%C3%87%C3%83O-NA-REVISTA-CONCEITOS_18.pdf\" target=\"_blank\">Clique aqui para fazer o download das normas para publica\u00e7\u00e3o na revista Conceitos<\/a><\/p>\n<p><a href=\"http:\/\/www.adufpb.org.br\/site\/wp-content\/uploads\/2013\/05\/FICHA-DE-INSCRICAO-CONCEITOS-18.doc\" target=\"_blank\">Clique para fazer o download da ficha de inscri\u00e7\u00e3o<\/a><\/p>\n","protected":false},"excerpt":{"rendered":"<p>Artigos ser\u00e3o avaliados at\u00e9 o dia 31 de maio Os professores podem continuar enviando artigos para publica\u00e7\u00e3o na Revista Conceitos.\u00a0As inscri\u00e7\u00f5es n\u00e3o t\u00eam data de encerramento, mas para a pr\u00f3xima edi\u00e7\u00e3o, n\u00famero 18, prevista para ser publicada em junho deste ano, a Comiss\u00e3o Editorial avaliar\u00e1 os 10 primeiros artigos encaminhados at\u00e9 o dia 31 de&hellip;<\/p>\n","protected":false},"author":1,"featured_media":0,"comment_status":"open","ping_status":"open","sticky":false,"template":"","format":"standard","meta":{"footnotes":""},"categories":[15],"tags":[62],"class_list":["post-5048","post","type-post","status-publish","format-standard","hentry","category-noticias","tag-revista-conceitos","category-15","description-off"],"_links":{"self":[{"href":"https:\/\/www.adufpb.org.br\/site\/wp-json\/wp\/v2\/posts\/5048","targetHints":{"allow":["GET"]}}],"collection":[{"href":"https:\/\/www.adufpb.org.br\/site\/wp-json\/wp\/v2\/posts"}],"about":[{"href":"https:\/\/www.adufpb.org.br\/site\/wp-json\/wp\/v2\/types\/post"}],"author":[{"embeddable":true,"href":"https:\/\/www.adufpb.org.br\/site\/wp-json\/wp\/v2\/users\/1"}],"replies":[{"embeddable":true,"href":"https:\/\/www.adufpb.org.br\/site\/wp-json\/wp\/v2\/comments?post=5048"}],"version-history":[{"count":7,"href":"https:\/\/www.adufpb.org.br\/site\/wp-json\/wp\/v2\/posts\/5048\/revisions"}],"predecessor-version":[{"id":5070,"href":"https:\/\/www.adufpb.org.br\/site\/wp-json\/wp\/v2\/posts\/5048\/revisions\/5070"}],"wp:attachment":[{"href":"https:\/\/www.adufpb.org.br\/site\/wp-json\/wp\/v2\/media?parent=5048"}],"wp:term":[{"taxonomy":"category","embeddable":true,"href":"https:\/\/www.adufpb.org.br\/site\/wp-json\/wp\/v2\/categories?post=5048"},{"taxonomy":"post_tag","embeddable":true,"href":"https:\/\/www.adufpb.org.br\/site\/wp-json\/wp\/v2\/tags?post=5048"}],"curies":[{"name":"wp","href":"https:\/\/api.w.org\/{rel}","templated":true}]}}